{"id":4953,"date":"2014-05-15T12:35:15","date_gmt":"2014-05-15T10:35:15","guid":{"rendered":"http:\/\/www.atletikaolomouc.cz\/?p=4953"},"modified":"2014-05-15T12:35:15","modified_gmt":"2014-05-15T10:35:15","slug":"zpravodaj-druzstva-dorostencu-c-2","status":"publish","type":"post","link":"https:\/\/old.atletikaolomouc.cz\/?p=4953","title":{"rendered":"Zpravodaj dru\u017estva dorostenc\u016f \u010d.2"},"content":{"rendered":"<p style=\"text-align: justify;\">M\u00e1me za sebou vele\u00fasp\u011b\u0161n\u00e9 1. kolo dru\u017estev, v\u00a0n\u011bm\u017e jsme skon\u010dili na 2. m\u00edst\u011b s\u00a0minim\u00e1ln\u00ed ztr\u00e1tou na vedouc\u00ed V\u00edtkovice a potvrdilo se, \u017ee letos m\u00e1me dru\u017estvo, kter\u00e9 je schopn\u00e9 z\u00edskat medaili na M\u010cR dru\u017estev. V\u00edce ve zpravodaji viz. n\u00ed\u017ee.<\/p>\n<p><!--more--><\/p>\n<p><a href=\"http:\/\/www.atletikaolomouc.cz\/wp-content\/uploads\/2014\/05\/Zpravodaj-dorostenci-\u010d.2-2014.pdf\" target=\"_blank\">Zpravodaj dru\u017estva dorostenc\u016f \u010d.2<\/a><br \/><a href=\"http:\/\/www.atletikaolomouc.cz\/wp-content\/uploads\/2014\/05\/tabulka_bodovani_dorostenci_2014.pdf\" target=\"_blank\">Bodov\u00e1n\u00ed jednotlivc\u016f &#8211; dorostenci 2014<\/a><\/p>\n","protected":false},"excerpt":{"rendered":"<p>M\u00e1me za sebou vele\u00fasp\u011b\u0161n\u00e9 1. kolo dru\u017estev, v\u00a0n\u011bm\u017e jsme skon\u010dili na 2. m\u00edst\u011b s\u00a0minim\u00e1ln\u00ed ztr\u00e1tou na vedouc\u00ed V\u00edtkovice a potvrdilo se, \u017ee letos m\u00e1me dru\u017estvo, kter\u00e9 je schopn\u00e9 z\u00edskat medaili na M\u010cR dru\u017estev. V\u00edce ve zpravodaji viz. n\u00ed\u017ee.<\/p>\n","protected":false},"author":4,"featured_media":0,"comment_status":"closed","ping_status":"closed","sticky":false,"template":"","format":"standard","meta":{"ngg_post_thumbnail":0},"categories":[5,13],"tags":[],"_links":{"self":[{"href":"https:\/\/old.atletikaolomouc.cz\/index.php?rest_route=\/wp\/v2\/posts\/4953"}],"collection":[{"href":"https:\/\/old.atletikaolomouc.cz\/index.php?rest_route=\/wp\/v2\/posts"}],"about":[{"href":"https:\/\/old.atletikaolomouc.cz\/index.php?rest_route=\/wp\/v2\/types\/post"}],"author":[{"embeddable":true,"href":"https:\/\/old.atletikaolomouc.cz\/index.php?rest_route=\/wp\/v2\/users\/4"}],"replies":[{"embeddable":true,"href":"https:\/\/old.atletikaolomouc.cz\/index.php?rest_route=%2Fwp%2Fv2%2Fcomments&post=4953"}],"version-history":[{"count":2,"href":"https:\/\/old.atletikaolomouc.cz\/index.php?rest_route=\/wp\/v2\/posts\/4953\/revisions"}],"predecessor-version":[{"id":4957,"href":"https:\/\/old.atletikaolomouc.cz\/index.php?rest_route=\/wp\/v2\/posts\/4953\/revisions\/4957"}],"wp:attachment":[{"href":"https:\/\/old.atletikaolomouc.cz\/index.php?rest_route=%2Fwp%2Fv2%2Fmedia&parent=4953"}],"wp:term":[{"taxonomy":"category","embeddable":true,"href":"https:\/\/old.atletikaolomouc.cz\/index.php?rest_route=%2Fwp%2Fv2%2Fcategories&post=4953"},{"taxonomy":"post_tag","embeddable":true,"href":"https:\/\/old.atletikaolomouc.cz\/index.php?rest_route=%2Fwp%2Fv2%2Ftags&post=4953"}],"curies":[{"name":"wp","href":"https:\/\/api.w.org\/{rel}","templated":true}]}}