{"id":5077,"date":"2014-06-19T09:49:37","date_gmt":"2014-06-19T07:49:37","guid":{"rendered":"http:\/\/www.atletikaolomouc.cz\/?p=5077"},"modified":"2014-06-19T09:49:37","modified_gmt":"2014-06-19T07:49:37","slug":"3-kolo-i-a-ii-ligy-muzu-a-zen-4","status":"publish","type":"post","link":"https:\/\/old.atletikaolomouc.cz\/?p=5077","title":{"rendered":"3. kolo I. a II. ligy mu\u017e\u016f a \u017een"},"content":{"rendered":"<p style=\"text-align: justify;\">V sobotu 21.6.2014 se v Olomouci kon\u00e1 3. kolo I. ligy mu\u017e\u016f a \u017een. Olomouck\u00e9 dru\u017estvo mu\u017e\u016f A st\u00e1le pom\u00fd\u0161l\u00ed na celkov\u00e9 prvenstv\u00ed a toto kolo bude velmi d\u016fle\u017eit\u00e9. V \u0160umperku se pak kon\u00e1 3. kolo II. ligy. Mu\u017esk\u00e9 B\u00e9\u010dko m\u00e1 napl\u00e1novan\u00fd odjezd v 7:30 hodin z parkovi\u0161t\u011b.\u00a0<\/p>\n<p style=\"text-align: justify;\"><!--more--><\/p>\n<p style=\"text-align: justify;\"><a href=\"http:\/\/www.atletikaolomouc.cz\/?p=5047\">Propozice 3. kola I. ligy mu\u017e\u016f a \u017een &#8211; Olomouc<\/a><br \/><a href=\"http:\/\/www.atletika.cz\/propozice1\/3-kolo-ii-ligy-muzu-a-zen-skupina-e\" target=\"_blank\">Propozice 3. kola II. ligy mu\u017e\u016f a \u017een &#8211; \u0160umperk<\/a><\/p>\n<table border=\"0\">\n<tbody>\n<tr>\n<td>Zpravodaj dru\u017estva \u017een<\/td>\n<td><a href=\"http:\/\/www.atletikaolomouc.cz\/wp-content\/uploads\/2014\/06\/zpravodaj-\u010d.3-14.pdf\" target=\"_blank\">PDF<\/a><\/td>\n<\/tr>\n<tr>\n<td>Zpravodaj dru\u017estva mu\u017e\u016f B<\/td>\n<td><a href=\"http:\/\/www.atletikaolomouc.cz\/wp-content\/uploads\/2014\/06\/Zpravodaj-II.ligy-\u010d.3-2014.pdf\" target=\"_blank\">PDF<\/a><\/td>\n<\/tr>\n<tr>\n<td>\u00a0<\/td>\n<td>\u00a0<\/td>\n<\/tr>\n<tr>\n<td>\u00a0<\/td>\n<td>\u00a0<\/td>\n<\/tr>\n<\/tbody>\n<\/table>\n","protected":false},"excerpt":{"rendered":"<p>V sobotu 21.6.2014 se v Olomouci kon\u00e1 3. kolo I. ligy mu\u017e\u016f a \u017een. Olomouck\u00e9 dru\u017estvo mu\u017e\u016f A st\u00e1le pom\u00fd\u0161l\u00ed na celkov\u00e9 prvenstv\u00ed a toto kolo bude velmi d\u016fle\u017eit\u00e9. V \u0160umperku se pak kon\u00e1 3. kolo II. ligy. Mu\u017esk\u00e9 B\u00e9\u010dko &hellip; <a href=\"https:\/\/old.atletikaolomouc.cz\/?p=5077\">Continue reading <span class=\"meta-nav\">&rarr;<\/span><\/a><\/p>\n","protected":false},"author":4,"featured_media":5080,"comment_status":"closed","ping_status":"closed","sticky":false,"template":"","format":"standard","meta":{"ngg_post_thumbnail":0},"categories":[6,37,8,9,10],"tags":[],"_links":{"self":[{"href":"https:\/\/old.atletikaolomouc.cz\/index.php?rest_route=\/wp\/v2\/posts\/5077"}],"collection":[{"href":"https:\/\/old.atletikaolomouc.cz\/index.php?rest_route=\/wp\/v2\/posts"}],"about":[{"href":"https:\/\/old.atletikaolomouc.cz\/index.php?rest_route=\/wp\/v2\/types\/post"}],"author":[{"embeddable":true,"href":"https:\/\/old.atletikaolomouc.cz\/index.php?rest_route=\/wp\/v2\/users\/4"}],"replies":[{"embeddable":true,"href":"https:\/\/old.atletikaolomouc.cz\/index.php?rest_route=%2Fwp%2Fv2%2Fcomments&post=5077"}],"version-history":[{"count":2,"href":"https:\/\/old.atletikaolomouc.cz\/index.php?rest_route=\/wp\/v2\/posts\/5077\/revisions"}],"predecessor-version":[{"id":5082,"href":"https:\/\/old.atletikaolomouc.cz\/index.php?rest_route=\/wp\/v2\/posts\/5077\/revisions\/5082"}],"wp:featuredmedia":[{"embeddable":true,"href":"https:\/\/old.atletikaolomouc.cz\/index.php?rest_route=\/wp\/v2\/media\/5080"}],"wp:attachment":[{"href":"https:\/\/old.atletikaolomouc.cz\/index.php?rest_route=%2Fwp%2Fv2%2Fmedia&parent=5077"}],"wp:term":[{"taxonomy":"category","embeddable":true,"href":"https:\/\/old.atletikaolomouc.cz\/index.php?rest_route=%2Fwp%2Fv2%2Fcategories&post=5077"},{"taxonomy":"post_tag","embeddable":true,"href":"https:\/\/old.atletikaolomouc.cz\/index.php?rest_route=%2Fwp%2Fv2%2Ftags&post=5077"}],"curies":[{"name":"wp","href":"https:\/\/api.w.org\/{rel}","templated":true}]}}