{"id":5220,"date":"2014-09-07T21:01:27","date_gmt":"2014-09-07T19:01:27","guid":{"rendered":"http:\/\/www.atletikaolomouc.cz\/?p=5220"},"modified":"2014-09-07T21:01:27","modified_gmt":"2014-09-07T19:01:27","slug":"mms-mladsiho-zactva-2","status":"publish","type":"post","link":"https:\/\/old.atletikaolomouc.cz\/?p=5220","title":{"rendered":"MMS mlad\u0161\u00edho \u017eactva"},"content":{"rendered":"<p style=\"text-align: justify;\">V ned\u011bli 7.9.2014 se ve Fr\u00fddku-M\u00edstku konalo Mistrovstv\u00ed Moravy a Slezska mlad\u0161\u00edho \u017eactva. Olomou\u010dt\u00ed mlad\u00ed atleti si odvezli 6 medail\u00ed a n\u011bkte\u0159\u00ed tak\u00e9 skv\u011bl\u00e9 osobn\u00ed rekordy.<br \/><!--more-->Dv\u011b zlat\u00e9 medaile z\u00edskala Viktorie Such\u00e1nkov\u00e1. Nejprve zv\u00edt\u011bzila v b\u011bhu na 60 m p\u0159ek\u00e1\u017eek v \u010dase 9,91 a pot\u00e9 i ve skoku dalek\u00e9m v\u00fdkonem 477 cm. Dv\u011b individu\u00e1ln\u00ed medaile vypojoval tak\u00e9 Jon\u00e1\u0161 Posp\u00ed\u0161il. V b\u011bhu na 60 m p\u0159ek\u00e1\u017eek skon\u010dil na 3. m\u00edst\u011b v \u010dase 9,83 s a ve v\u00fd\u0161ce v\u00fdkonem 155 cm obsadil 2. m\u00edsto. Oba tito z\u00e1vodn\u00edci pak pomohli ve \u0161tafet\u00e1ch na 4&#215;60 m. Mlad\u0161\u00ed \u017e\u00e1ci ve slo\u017een\u00ed Prokop, Leke\u0161, Posp\u00ed\u0161il a Mautner zv\u00edt\u011bzili v\u00fdkonem 33,29 s. Mlad\u0161\u00ed \u017e\u00e1kyn\u011b ve slo\u017een\u00ed Jen\u010dke, Mi\u010dunkov\u00e1, Chl\u00edbkov\u00e1 a Such\u00e1nkov\u00e1 skon\u010dily ve vyrovnan\u00e9m fini\u0161i na 2. m\u00edst\u011b \u010dasem 34,21 s.<\/p>\n<p style=\"text-align: justify;\">Kompletn\u00ed v\u00fdsledky MMS mlad\u0161\u00edho \u017eactva <a href=\"http:\/\/online.atletika.cz\/vysledky.aspx?idk=20594\" target=\"_blank\">zde<\/a>.<\/p>\n","protected":false},"excerpt":{"rendered":"<p>V ned\u011bli 7.9.2014 se ve Fr\u00fddku-M\u00edstku konalo Mistrovstv\u00ed Moravy a Slezska mlad\u0161\u00edho \u017eactva. Olomou\u010dt\u00ed mlad\u00ed atleti si odvezli 6 medail\u00ed a n\u011bkte\u0159\u00ed tak\u00e9 skv\u011bl\u00e9 osobn\u00ed rekordy.<\/p>\n","protected":false},"author":4,"featured_media":5221,"comment_status":"closed","ping_status":"closed","sticky":false,"template":"","format":"standard","meta":{"ngg_post_thumbnail":0},"categories":[6,37,17,18],"tags":[],"_links":{"self":[{"href":"https:\/\/old.atletikaolomouc.cz\/index.php?rest_route=\/wp\/v2\/posts\/5220"}],"collection":[{"href":"https:\/\/old.atletikaolomouc.cz\/index.php?rest_route=\/wp\/v2\/posts"}],"about":[{"href":"https:\/\/old.atletikaolomouc.cz\/index.php?rest_route=\/wp\/v2\/types\/post"}],"author":[{"embeddable":true,"href":"https:\/\/old.atletikaolomouc.cz\/index.php?rest_route=\/wp\/v2\/users\/4"}],"replies":[{"embeddable":true,"href":"https:\/\/old.atletikaolomouc.cz\/index.php?rest_route=%2Fwp%2Fv2%2Fcomments&post=5220"}],"version-history":[{"count":1,"href":"https:\/\/old.atletikaolomouc.cz\/index.php?rest_route=\/wp\/v2\/posts\/5220\/revisions"}],"predecessor-version":[{"id":5222,"href":"https:\/\/old.atletikaolomouc.cz\/index.php?rest_route=\/wp\/v2\/posts\/5220\/revisions\/5222"}],"wp:featuredmedia":[{"embeddable":true,"href":"https:\/\/old.atletikaolomouc.cz\/index.php?rest_route=\/wp\/v2\/media\/5221"}],"wp:attachment":[{"href":"https:\/\/old.atletikaolomouc.cz\/index.php?rest_route=%2Fwp%2Fv2%2Fmedia&parent=5220"}],"wp:term":[{"taxonomy":"category","embeddable":true,"href":"https:\/\/old.atletikaolomouc.cz\/index.php?rest_route=%2Fwp%2Fv2%2Fcategories&post=5220"},{"taxonomy":"post_tag","embeddable":true,"href":"https:\/\/old.atletikaolomouc.cz\/index.php?rest_route=%2Fwp%2Fv2%2Ftags&post=5220"}],"curies":[{"name":"wp","href":"https:\/\/api.w.org\/{rel}","templated":true}]}}