{"id":5227,"date":"2014-09-10T10:00:46","date_gmt":"2014-09-10T08:00:46","guid":{"rendered":"http:\/\/www.atletikaolomouc.cz\/?p=5227"},"modified":"2014-09-11T19:33:46","modified_gmt":"2014-09-11T17:33:46","slug":"semifinale-druzstev-mladeze","status":"publish","type":"post","link":"https:\/\/old.atletikaolomouc.cz\/?p=5227","title":{"rendered":"Semifin\u00e1le dru\u017estev ml\u00e1de\u017ee"},"content":{"rendered":"<p style=\"text-align: justify;\">V sobotu 13.9.2014 prob\u011bhne v T\u0159inci 3. kolo dru\u017estev junior\u016f, dorostenc\u016f a dorostenek. V\u0161echna t\u0159i olomouck\u00e1 dru\u017estva maj\u00ed na\u0161l\u00e1pnuto na postup na Mistrovstv\u00ed \u010cR dru\u017estev a tam z\u00edskat jednu z medail\u00ed. Stejn\u011b jako star\u0161\u00ed \u017e\u00e1ci a \u017e\u00e1kyn\u011b, kte\u0159\u00ed budou o postup bojovat v ned\u011bli 14.9.2014 v \u0160umperku.\u00a0<br \/><!--more--><\/p>\n<table border=\"0\">\n<tbody>\n<tr>\n<td>Propozice 3. kola J+D<\/td>\n<td><a href=\"http:\/\/www.atletika.cz\/propozice1\/mistrovstvi-moravy-a-slezska-juniorskych-a-doroste\/\" target=\"_blank\">zde<\/a><\/td>\n<\/tr>\n<tr>\n<td>Propozice semifin\u00e1le star\u0161\u00edho \u017eactva<\/td>\n<td>zde<\/td>\n<\/tr>\n<tr>\n<td>\u00a0<\/td>\n<td>\u00a0<\/td>\n<\/tr>\n<tr>\n<td>Zpravodaj dru\u017estva junior\u016f<\/td>\n<td><a href=\"http:\/\/www.atletikaolomouc.cz\/wp-content\/uploads\/2014\/09\/zpravodaj-juniori-3-2014.pdf\" target=\"_blank\">PDF<\/a><\/td>\n<\/tr>\n<tr>\n<td>Zpravodaj dru\u017estva dorostenc\u016f<\/td>\n<td><a href=\"http:\/\/www.atletikaolomouc.cz\/wp-content\/uploads\/2014\/09\/Zpravodaj-na-3.-kolo-dorostenci-2014.pdf\" target=\"_blank\">PDF<\/a><\/td>\n<\/tr>\n<tr>\n<td>Zpravodaj dru\u017estva star\u0161\u00edch \u017e\u00e1ky\u0148<\/td>\n<td><a href=\"http:\/\/www.atletikaolomouc.cz\/wp-content\/uploads\/2014\/09\/zpravodaj-st-zakyn-4-2014.pdf\" target=\"_blank\">PDF<\/a><\/td>\n<\/tr>\n<tr>\n<td>\u00a0<\/td>\n<td>\u00a0<\/td>\n<\/tr>\n<\/tbody>\n<\/table>\n","protected":false},"excerpt":{"rendered":"<p>V sobotu 13.9.2014 prob\u011bhne v T\u0159inci 3. kolo dru\u017estev junior\u016f, dorostenc\u016f a dorostenek. V\u0161echna t\u0159i olomouck\u00e1 dru\u017estva maj\u00ed na\u0161l\u00e1pnuto na postup na Mistrovstv\u00ed \u010cR dru\u017estev a tam z\u00edskat jednu z medail\u00ed. Stejn\u011b jako star\u0161\u00ed \u017e\u00e1ci a \u017e\u00e1kyn\u011b, kte\u0159\u00ed budou o &hellip; <a href=\"https:\/\/old.atletikaolomouc.cz\/?p=5227\">Continue reading <span class=\"meta-nav\">&rarr;<\/span><\/a><\/p>\n","protected":false},"author":4,"featured_media":5231,"comment_status":"closed","ping_status":"closed","sticky":false,"template":"","format":"standard","meta":{"ngg_post_thumbnail":0},"categories":[6,13,14,37,11,15,16],"tags":[],"_links":{"self":[{"href":"https:\/\/old.atletikaolomouc.cz\/index.php?rest_route=\/wp\/v2\/posts\/5227"}],"collection":[{"href":"https:\/\/old.atletikaolomouc.cz\/index.php?rest_route=\/wp\/v2\/posts"}],"about":[{"href":"https:\/\/old.atletikaolomouc.cz\/index.php?rest_route=\/wp\/v2\/types\/post"}],"author":[{"embeddable":true,"href":"https:\/\/old.atletikaolomouc.cz\/index.php?rest_route=\/wp\/v2\/users\/4"}],"replies":[{"embeddable":true,"href":"https:\/\/old.atletikaolomouc.cz\/index.php?rest_route=%2Fwp%2Fv2%2Fcomments&post=5227"}],"version-history":[{"count":3,"href":"https:\/\/old.atletikaolomouc.cz\/index.php?rest_route=\/wp\/v2\/posts\/5227\/revisions"}],"predecessor-version":[{"id":5238,"href":"https:\/\/old.atletikaolomouc.cz\/index.php?rest_route=\/wp\/v2\/posts\/5227\/revisions\/5238"}],"wp:featuredmedia":[{"embeddable":true,"href":"https:\/\/old.atletikaolomouc.cz\/index.php?rest_route=\/wp\/v2\/media\/5231"}],"wp:attachment":[{"href":"https:\/\/old.atletikaolomouc.cz\/index.php?rest_route=%2Fwp%2Fv2%2Fmedia&parent=5227"}],"wp:term":[{"taxonomy":"category","embeddable":true,"href":"https:\/\/old.atletikaolomouc.cz\/index.php?rest_route=%2Fwp%2Fv2%2Fcategories&post=5227"},{"taxonomy":"post_tag","embeddable":true,"href":"https:\/\/old.atletikaolomouc.cz\/index.php?rest_route=%2Fwp%2Fv2%2Ftags&post=5227"}],"curies":[{"name":"wp","href":"https:\/\/api.w.org\/{rel}","templated":true}]}}