{"id":5264,"date":"2014-09-20T19:57:40","date_gmt":"2014-09-20T17:57:40","guid":{"rendered":"http:\/\/www.atletikaolomouc.cz\/?p=5264"},"modified":"2014-09-23T21:19:09","modified_gmt":"2014-09-23T19:19:09","slug":"stafeta-zlata-v-ceskem-rekordu","status":"publish","type":"post","link":"https:\/\/old.atletikaolomouc.cz\/?p=5264","title":{"rendered":"\u0160tafeta zlat\u00e1 v \u010desk\u00e9m rekordu!"},"content":{"rendered":"<p style=\"text-align: justify;\">O v\u00edkendu 20.-21.9.2014 se v Plzni konalo Mistrovstv\u00ed \u010cR star\u0161\u00edho \u017eactva. Hned prvn\u00ed den p\u0159inesl pro na\u0161i v\u00fdpravu spoustu medail\u00ed. Nejv\u00fdrazn\u011bji se prosadila \u0161tafeta \u017e\u00e1k\u016f na 4x60m, kter\u00e1 zv\u00edt\u011bzila v nov\u00e9m \u010desk\u00e9m odd\u00edlov\u00e9m rekordu 27.40 s! Dosavadn\u00ed rekord pat\u0159il Uhersk\u00e9mu Hradi\u0161ti.\u00a0<!--more-->Star\u0161\u00ed \u017e\u00e1ci ve slo\u017een\u00ed\u00a0Vychodil, L\u00e1tal, Kone\u010dn\u00fd a Nastoupil p\u0159ed\u010dili v\u0161echny sestavy soupe\u0159\u016f a vybojovali tak pro n\u00e1s prvn\u00ed zlatou medaili na tomto mistrovstv\u00ed.<\/p>\n<p style=\"text-align: justify;\">U\u017e v p\u0159edchoz\u00edm pr\u016fb\u011bhu \u0161ampion\u00e1tu se na\u0161emu klubu poda\u0159ilo z\u00edskat n\u011bkolik cenn\u00fdch kov\u016f.\u00a0<a title=\"Zobrazit v\u00fdsledky atleta v sez\u00f3n\u011b 2014\" href=\"http:\/\/online.atletika.cz\/vysledkyAtleta.aspx?sezona=2014&amp;ean=13540000714\">Jaroslav Vychodil<\/a>\u00a0z\u00edskal bronz na 100 m p\u0159ek\u00e1\u017eek v \u010dase 14.18 s (rozb\u011bh 14.11 s). Druhou bronzovou medaili p\u0159idal\u00a0<a title=\"Zobrazit v\u00fdsledky atleta v sez\u00f3n\u011b 2014\" href=\"http:\/\/online.atletika.cz\/vysledkyAtleta.aspx?sezona=2014&amp;ean=12550030741\">Jakub H\u00e9\u017ea<\/a>, kter\u00fd ji z\u00edskal v kouli za vrh v d\u00e9lce 14.77 m. Do t\u0159etice t\u0159et\u00ed m\u00edsto vybojoval\u00a0<a title=\"Zobrazit v\u00fdsledky atleta v sez\u00f3n\u011b 2014\" href=\"http:\/\/online.atletika.cz\/vysledkyAtleta.aspx?sezona=2014&amp;ean=10529179721\">Dominik Hork\u00fd<\/a>\u00a0v hodu diskem (47.47 m).<\/p>\n<p style=\"text-align: justify;\">Druh\u00fd den \u0161ampion\u00e1tu pokra\u010dovala ve sb\u00edrce bronzov\u00fdch medail\u00ed M\u00ed\u0161a Gieselov\u00e1, kter\u00e1 dob\u011bhla ve fin\u00e1le na 200 m p\u0159. na 3. m\u00edst\u011b v \u010dase 29,65 s. Posledn\u00ed bronz mohla z\u00edskat \u0161tafeta \u017e\u00e1k\u016f na 4&#215;300 m ve slo\u017een\u00ed Kone\u010dn\u00fd, L\u00e1tal, Sitta a Vychodil. Tato \u0161tafeta v\u0161ak byla diskvalifikov\u00e1na za v\u00fdb\u011bh mimo p\u0159ed\u00e1vkov\u00e9 \u00fazem\u00ed.<\/p>\n<p>V\u00fdsledky <a href=\"http:\/\/online.atletika.cz\/vysledky.aspx?idk=18390\" target=\"_blank\">zde<\/a>.<\/p>\n","protected":false},"excerpt":{"rendered":"<p>O v\u00edkendu 20.-21.9.2014 se v Plzni konalo Mistrovstv\u00ed \u010cR star\u0161\u00edho \u017eactva. Hned prvn\u00ed den p\u0159inesl pro na\u0161i v\u00fdpravu spoustu medail\u00ed. Nejv\u00fdrazn\u011bji se prosadila \u0161tafeta \u017e\u00e1k\u016f na 4x60m, kter\u00e1 zv\u00edt\u011bzila v nov\u00e9m \u010desk\u00e9m odd\u00edlov\u00e9m rekordu 27.40 s! Dosavadn\u00ed rekord pat\u0159il Uhersk\u00e9mu &hellip; <a href=\"https:\/\/old.atletikaolomouc.cz\/?p=5264\">Continue reading <span class=\"meta-nav\">&rarr;<\/span><\/a><\/p>\n","protected":false},"author":3,"featured_media":5273,"comment_status":"closed","ping_status":"closed","sticky":false,"template":"","format":"standard","meta":{"ngg_post_thumbnail":0},"categories":[6,37,15,16],"tags":[],"_links":{"self":[{"href":"https:\/\/old.atletikaolomouc.cz\/index.php?rest_route=\/wp\/v2\/posts\/5264"}],"collection":[{"href":"https:\/\/old.atletikaolomouc.cz\/index.php?rest_route=\/wp\/v2\/posts"}],"about":[{"href":"https:\/\/old.atletikaolomouc.cz\/index.php?rest_route=\/wp\/v2\/types\/post"}],"author":[{"embeddable":true,"href":"https:\/\/old.atletikaolomouc.cz\/index.php?rest_route=\/wp\/v2\/users\/3"}],"replies":[{"embeddable":true,"href":"https:\/\/old.atletikaolomouc.cz\/index.php?rest_route=%2Fwp%2Fv2%2Fcomments&post=5264"}],"version-history":[{"count":8,"href":"https:\/\/old.atletikaolomouc.cz\/index.php?rest_route=\/wp\/v2\/posts\/5264\/revisions"}],"predecessor-version":[{"id":5267,"href":"https:\/\/old.atletikaolomouc.cz\/index.php?rest_route=\/wp\/v2\/posts\/5264\/revisions\/5267"}],"wp:featuredmedia":[{"embeddable":true,"href":"https:\/\/old.atletikaolomouc.cz\/index.php?rest_route=\/wp\/v2\/media\/5273"}],"wp:attachment":[{"href":"https:\/\/old.atletikaolomouc.cz\/index.php?rest_route=%2Fwp%2Fv2%2Fmedia&parent=5264"}],"wp:term":[{"taxonomy":"category","embeddable":true,"href":"https:\/\/old.atletikaolomouc.cz\/index.php?rest_route=%2Fwp%2Fv2%2Fcategories&post=5264"},{"taxonomy":"post_tag","embeddable":true,"href":"https:\/\/old.atletikaolomouc.cz\/index.php?rest_route=%2Fwp%2Fv2%2Ftags&post=5264"}],"curies":[{"name":"wp","href":"https:\/\/api.w.org\/{rel}","templated":true}]}}