{"id":5294,"date":"2014-10-02T10:26:40","date_gmt":"2014-10-02T08:26:40","guid":{"rendered":"http:\/\/www.atletikaolomouc.cz\/?p=5294"},"modified":"2014-10-02T10:26:40","modified_gmt":"2014-10-02T08:26:40","slug":"finale-druzstev-zactva","status":"publish","type":"post","link":"https:\/\/old.atletikaolomouc.cz\/?p=5294","title":{"rendered":"Fin\u00e1le dru\u017estev \u017eactva"},"content":{"rendered":"<p style=\"text-align: justify;\">V sobotu 4.10.2014 vyvrchol\u00ed v Jablonci nad Nisou sout\u011b\u017e dru\u017estev star\u0161\u00edho \u017eactva. Velk\u00fdmi favority jsou olomou\u010dt\u00ed \u017e\u00e1ci, kte\u0159\u00ed svou s\u00edlu uk\u00e1zali v\u00edt\u011bzstv\u00edm na fin\u00e1le Moravy. Odjezd do Jablonce je napl\u00e1novan\u00fd na p\u00e1tek 3.10. v 11:30 hodin. V ned\u011bli 5.10. se pak v B\u0159eclavi o medaile porvou dru\u017estva mlad\u0161\u00edho \u017eactva. Kluci a holky ro\u010dn\u00edku narozen\u00ed 2001-2002 maj\u00ed sraz v ned\u011bli v 7:45 hodin. P\u0159ejeme hodn\u011b \u00fasp\u011bch\u016f.<\/p>\n<p style=\"text-align: justify;\"><!--more--><\/p>\n<p style=\"text-align: justify;\"><strong>Star\u0161\u00ed \u017e\u00e1ci:<\/strong><br \/>Zpravodaj dru\u017estva star\u0161\u00edch \u017e\u00e1k\u016f po fin\u00e1le Moravy &#8211; <a href=\"http:\/\/www.atletikaolomouc.cz\/wp-content\/uploads\/2014\/10\/Zpravodaj-po-SMF-zaku-1.pdf\" target=\"_blank\">PDF<\/a><br \/>Pozv\u00e1nka na fin\u00e1le \u010cR star\u0161\u00edch \u017e\u00e1k\u016f &#8211; <a href=\"http:\/\/www.atletikaolomouc.cz\/wp-content\/uploads\/2014\/10\/Pozv\u00e1nka-na-z\u00e1vody-starsich-zaku-MCR-1.pdf\" target=\"_blank\">PDF<\/a><\/p>\n<p style=\"text-align: justify;\"><strong>Mlad\u0161\u00ed \u017e\u00e1ci a \u017e\u00e1kyn\u011b:<\/strong><br \/>Pozv\u00e1nka na fin\u00e1le Moravy mlad\u0161\u00edho \u017eactva &#8211; <a href=\"http:\/\/www.atletikaolomouc.cz\/wp-content\/uploads\/2014\/10\/Zpravodaj-ml-zactva-finale-2014.pdf\" target=\"_blank\">PDF<\/a><br \/>Nominace mlad\u0161\u00edho \u017eactva do B\u0159eclavi &#8211; <a href=\"http:\/\/www.atletikaolomouc.cz\/wp-content\/uploads\/2014\/10\/nominace-fin\u00e1le-5.10.2014-B\u0159eclav.pdf\" target=\"_blank\">PDF<\/a><\/p>\n","protected":false},"excerpt":{"rendered":"<p>V sobotu 4.10.2014 vyvrchol\u00ed v Jablonci nad Nisou sout\u011b\u017e dru\u017estev star\u0161\u00edho \u017eactva. Velk\u00fdmi favority jsou olomou\u010dt\u00ed \u017e\u00e1ci, kte\u0159\u00ed svou s\u00edlu uk\u00e1zali v\u00edt\u011bzstv\u00edm na fin\u00e1le Moravy. Odjezd do Jablonce je napl\u00e1novan\u00fd na p\u00e1tek 3.10. v 11:30 hodin. V ned\u011bli 5.10. se &hellip; <a href=\"https:\/\/old.atletikaolomouc.cz\/?p=5294\">Continue reading <span class=\"meta-nav\">&rarr;<\/span><\/a><\/p>\n","protected":false},"author":4,"featured_media":5299,"comment_status":"closed","ping_status":"closed","sticky":false,"template":"","format":"standard","meta":{"ngg_post_thumbnail":0},"categories":[6,37,15],"tags":[],"_links":{"self":[{"href":"https:\/\/old.atletikaolomouc.cz\/index.php?rest_route=\/wp\/v2\/posts\/5294"}],"collection":[{"href":"https:\/\/old.atletikaolomouc.cz\/index.php?rest_route=\/wp\/v2\/posts"}],"about":[{"href":"https:\/\/old.atletikaolomouc.cz\/index.php?rest_route=\/wp\/v2\/types\/post"}],"author":[{"embeddable":true,"href":"https:\/\/old.atletikaolomouc.cz\/index.php?rest_route=\/wp\/v2\/users\/4"}],"replies":[{"embeddable":true,"href":"https:\/\/old.atletikaolomouc.cz\/index.php?rest_route=%2Fwp%2Fv2%2Fcomments&post=5294"}],"version-history":[{"count":1,"href":"https:\/\/old.atletikaolomouc.cz\/index.php?rest_route=\/wp\/v2\/posts\/5294\/revisions"}],"predecessor-version":[{"id":5300,"href":"https:\/\/old.atletikaolomouc.cz\/index.php?rest_route=\/wp\/v2\/posts\/5294\/revisions\/5300"}],"wp:featuredmedia":[{"embeddable":true,"href":"https:\/\/old.atletikaolomouc.cz\/index.php?rest_route=\/wp\/v2\/media\/5299"}],"wp:attachment":[{"href":"https:\/\/old.atletikaolomouc.cz\/index.php?rest_route=%2Fwp%2Fv2%2Fmedia&parent=5294"}],"wp:term":[{"taxonomy":"category","embeddable":true,"href":"https:\/\/old.atletikaolomouc.cz\/index.php?rest_route=%2Fwp%2Fv2%2Fcategories&post=5294"},{"taxonomy":"post_tag","embeddable":true,"href":"https:\/\/old.atletikaolomouc.cz\/index.php?rest_route=%2Fwp%2Fv2%2Ftags&post=5294"}],"curies":[{"name":"wp","href":"https:\/\/api.w.org\/{rel}","templated":true}]}}