{"id":5307,"date":"2014-10-05T21:50:29","date_gmt":"2014-10-05T19:50:29","guid":{"rendered":"http:\/\/www.atletikaolomouc.cz\/?p=5307"},"modified":"2014-10-05T21:50:29","modified_gmt":"2014-10-05T19:50:29","slug":"starsi-zaci-vybojovali-stribro","status":"publish","type":"post","link":"https:\/\/old.atletikaolomouc.cz\/?p=5307","title":{"rendered":"Star\u0161\u00ed \u017e\u00e1ci vybojovali st\u0159\u00edbro"},"content":{"rendered":"<p style=\"text-align: justify;\">Skv\u011ble dopadlo zakon\u010den\u00ed leto\u0161n\u00ed sez\u00f3ny pro olomouck\u00e9 dru\u017estvo star\u0161\u00edch \u017e\u00e1k\u016f. Na Mistrovstv\u00ed \u010cR dru\u017estev, kter\u00e9 se konalo 4.10.2014 v Jablonci nad Nisou, vybojovali st\u0159\u00edbrn\u00e9 medaile v celkov\u00e9m sou\u010dtu 144,5 bodu.\u00a0<\/p>\n<p style=\"text-align: justify;\"><!--more--><\/p>\n<p style=\"text-align: justify;\">Dru\u017estvo star\u0161\u00edch \u017e\u00e1k\u016f AK Olomouc si vedlo opravdu skv\u011ble a po dramatick\u00e9m pr\u016fb\u011bhu vybojovalo n\u00e1dhern\u00e9 st\u0159\u00edbrn\u00e9 medaile! Nejv\u00edce bod\u016f pro dru\u017estvo nasb\u00edral <strong>Jakub H\u00e9\u017ea<\/strong>, kter\u00fd po v\u00edt\u011bzstv\u00ed v kouli v\u00fdkonem 14,13 m ne\u010dekan\u011b zv\u00edt\u011bzil tak\u00e9 v hodu diskem v\u00fdkonem 43,46 m. Kdy\u017e k tomu p\u0159id\u00e1me je\u0161t\u011b 6. m\u00edsto v kladivu, bylo to celkem 27 bod\u016f. Druh\u00fdm nejl\u00e9pe boduj\u00edc\u00edm \u010dlenem dru\u017estva byl Kub\u016fv vrha\u010dsk\u00fd kolega <strong>Dominik Hork\u00fd<\/strong>. V disku obsadil 2. m\u00edsto za v\u00fdkon 41,81 m. V hodu kladivem \u00a0a ve vrhu koul\u00ed bral dvakr\u00e1t 7 bod\u016f za 4. m\u00edsta. V\u00fdborn\u011b z\u00e1vodil tak\u00e9 <strong>Jarda Vychodil<\/strong>, kter\u00fd dob\u011bhl v\u00a0z\u00e1vod\u011b na 100 m p\u0159ek\u00e1\u017eek na 4. m\u00edst\u011b \u010dasem 14,18 s. Do d\u00e1lky sko\u010dil 598 cm a bylo to 5. m\u00edsto. Jarda pomohl i \u0161tafet\u011b 4\u00d7400 m, kter\u00e1 ve slo\u017een\u00ed <strong>Vychodil, Kone\u010dn\u00fd, L\u00e1tal a Sitta<\/strong> dob\u011bhla na 4. m\u00edst\u011b. S\u00a0velk\u00fdmi obavy jsem sledoval <strong>Honzu Nastoupila<\/strong>, kter\u00fd u\u017e n\u011bkolik t\u00fddn\u016f netr\u00e9nuje a l\u00e9\u010d\u00ed si z\u00e1da. Honza nakonec zabojoval a pro dru\u017estvo z\u00edskal d\u016fle\u017eit\u00e9 bod\u00edky. Do d\u00e1lky sko\u010dil 621 cm a bylo to 3. m\u00edsto. Dal\u0161\u00ed body z\u00edskal v\u00a0z\u00e1vod\u011b na 100 m p\u0159ek\u00e1\u017eek \u010dasem 14,94 s. <strong>Michal Sitta<\/strong> tentokr\u00e1t b\u011b\u017eel takticky z\u00e1vod na 1500 m a \u010dasem 4:38,35 min dob\u011bhl na p\u011bkn\u00e9m 3. m\u00edst\u011b. <strong>Jirka L\u00e1tal<\/strong> se pot\u00fdkal trochu s\u00a0technikou, ale p\u0159esto sko\u010dil do v\u00fd\u0161ky 170 cm a bylo to 5. m\u00edsto stejn\u011b jako <strong>Martin Kone\u010dn\u00fd<\/strong>. O n\u011bco l\u00e9pe se vedlo <strong>Martinu Odstr\u010dilovi<\/strong>, kter\u00fd sko\u010dil 180 cm a obsadil 3. m\u00edsto. Kluci si splnili vysn\u011bn\u00fd c\u00edl, kter\u00fd si dali ji\u017e na za\u010d\u00e1tku atletick\u00e9 sez\u00f3ny a t\u00edm byla jabloneck\u00e1 mise bezezbytku spln\u011bna! Blahop\u0159ejeme!<\/p>\n<p style=\"text-align: justify;\">\u00a0Kompletn\u00ed v\u00fdsledky M\u010cR dru\u017estev \u017eactva &#8211; <a href=\"http:\/\/online.atletika.cz\/vysledky.aspx?idk=20664\" target=\"_blank\">zde<\/a><\/p>\n<p style=\"text-align: justify;\">Zdroj <a href=\"http:\/\/www.rakowski.cz\/index.php\" target=\"_blank\">www.rakowski.cz<\/a><\/p>\n","protected":false},"excerpt":{"rendered":"<p>Skv\u011ble dopadlo zakon\u010den\u00ed leto\u0161n\u00ed sez\u00f3ny pro olomouck\u00e9 dru\u017estvo star\u0161\u00edch \u017e\u00e1k\u016f. Na Mistrovstv\u00ed \u010cR dru\u017estev, kter\u00e9 se konalo 4.10.2014 v Jablonci nad Nisou, vybojovali st\u0159\u00edbrn\u00e9 medaile v celkov\u00e9m sou\u010dtu 144,5 bodu.\u00a0<\/p>\n","protected":false},"author":4,"featured_media":5309,"comment_status":"closed","ping_status":"closed","sticky":false,"template":"","format":"standard","meta":{"ngg_post_thumbnail":0},"categories":[6,37,15],"tags":[],"_links":{"self":[{"href":"https:\/\/old.atletikaolomouc.cz\/index.php?rest_route=\/wp\/v2\/posts\/5307"}],"collection":[{"href":"https:\/\/old.atletikaolomouc.cz\/index.php?rest_route=\/wp\/v2\/posts"}],"about":[{"href":"https:\/\/old.atletikaolomouc.cz\/index.php?rest_route=\/wp\/v2\/types\/post"}],"author":[{"embeddable":true,"href":"https:\/\/old.atletikaolomouc.cz\/index.php?rest_route=\/wp\/v2\/users\/4"}],"replies":[{"embeddable":true,"href":"https:\/\/old.atletikaolomouc.cz\/index.php?rest_route=%2Fwp%2Fv2%2Fcomments&post=5307"}],"version-history":[{"count":3,"href":"https:\/\/old.atletikaolomouc.cz\/index.php?rest_route=\/wp\/v2\/posts\/5307\/revisions"}],"predecessor-version":[{"id":5311,"href":"https:\/\/old.atletikaolomouc.cz\/index.php?rest_route=\/wp\/v2\/posts\/5307\/revisions\/5311"}],"wp:featuredmedia":[{"embeddable":true,"href":"https:\/\/old.atletikaolomouc.cz\/index.php?rest_route=\/wp\/v2\/media\/5309"}],"wp:attachment":[{"href":"https:\/\/old.atletikaolomouc.cz\/index.php?rest_route=%2Fwp%2Fv2%2Fmedia&parent=5307"}],"wp:term":[{"taxonomy":"category","embeddable":true,"href":"https:\/\/old.atletikaolomouc.cz\/index.php?rest_route=%2Fwp%2Fv2%2Fcategories&post=5307"},{"taxonomy":"post_tag","embeddable":true,"href":"https:\/\/old.atletikaolomouc.cz\/index.php?rest_route=%2Fwp%2Fv2%2Ftags&post=5307"}],"curies":[{"name":"wp","href":"https:\/\/api.w.org\/{rel}","templated":true}]}}