{"id":5865,"date":"2015-05-07T23:22:45","date_gmt":"2015-05-07T21:22:45","guid":{"rendered":"http:\/\/www.atletikaolomouc.cz\/?p=5865"},"modified":"2015-05-14T16:04:52","modified_gmt":"2015-05-14T14:04:52","slug":"1-kolo-druzstev-zactva-2","status":"publish","type":"post","link":"https:\/\/old.atletikaolomouc.cz\/?p=5865","title":{"rendered":"1. kolo dru\u017estev \u017eactva"},"content":{"rendered":"<p style=\"text-align: justify;\">V pond\u011bl\u00ed 11.5.2015 se v Olomouci kon\u00e1 1. kolo dru\u017estev mlad\u0161\u00edho \u017eactva. Sraz v\u0161ech z\u00e1vodn\u00edk\u016f ro\u010dn\u00edk\u016f narozen\u00ed 2002 a 2003 je ve 14:00 hodin na hlavn\u00ed tribun\u011b AK Olomouc. V \u00fater\u00fd 12.5.2015 jede star\u0161\u00ed \u017eactvo do \u0160umperku. Sraz ro\u010dn\u00edk\u016f narozen\u00ed 2000 a 2001 je ve 12:30 na parkovi\u0161ti AK Olomouc.<\/p>\n<p><!--more--><\/p>\n<p style=\"text-align: justify;\">Oba dva z\u00e1vody jsou z\u00e1rove\u0148 posledn\u00ed mo\u017enost\u00ed, jak se nominovat na <a href=\"http:\/\/odm.olympic.cz\/2015\" target=\"_blank\">Letn\u00ed Olympi\u00e1du d\u011bt\u00ed a ml\u00e1de\u017ee<\/a> v Plzni. Tak neprop\u00e1sn\u011bte svoji \u0161anci probojovat se do reprezentace Olomouck\u00e9ho kraje a p\u0159ij\u010fte z\u00e1vodit.<\/p>\n<table border=\"0\">\n<tbody>\n<tr>\n<td><strong>Mlad\u0161\u00ed \u017eactvo:<\/strong><\/td>\n<td>\u00a0<\/td>\n<\/tr>\n<tr>\n<td>Propozice 1. kola mlad\u0161\u00edho \u017eactva &#8211; Olomouc 11.5.2015<\/td>\n<td><a title=\"1. kolo KP dru\u017estev mlad\u0161\u00edho \u017eactva\" href=\"http:\/\/www.atletikaolomouc.cz\/?p=5812\" target=\"_blank\">zde<\/a><\/td>\n<\/tr>\n<tr>\n<td>Zpravodaj mlad\u0161\u00edho \u017eactva \u010d.1<\/td>\n<td><a href=\"http:\/\/www.atletikaolomouc.cz\/wp-content\/uploads\/2015\/05\/1.-kolo-dru\u017estev-mlzactva-let\u00e1k.pdf\" target=\"_blank\">PDF<\/a><\/td>\n<\/tr>\n<tr>\n<td>P\u0159ehled start\u016f mlad\u0161\u00edch \u017e\u00e1k\u016f na 1. kole<\/td>\n<td><a href=\"http:\/\/www.atletikaolomouc.cz\/wp-content\/uploads\/2015\/05\/P\u0159ehled-start\u016f-11.5.-mlad\u0161\u00ed-\u017e\u00e1ci.pdf\" target=\"_blank\">PDF<\/a><\/td>\n<\/tr>\n<tr>\n<td>P\u0159ehled start\u016f mlad\u0161\u00edch \u017e\u00e1ky\u0148 na 1. kole<\/td>\n<td><a href=\"http:\/\/www.atletikaolomouc.cz\/wp-content\/uploads\/2015\/05\/P\u0159ehled-start\u016f-11.5.-mlad\u0161\u00ed-\u017e\u00e1kyn\u011b.pdf\" target=\"_blank\">PDF<\/a><\/td>\n<\/tr>\n<tr>\n<td>\u00a0<\/td>\n<td>\u00a0<\/td>\n<\/tr>\n<tr>\n<td><strong>Star\u0161\u00ed \u017eactvo:<\/strong><\/td>\n<td>\u00a0<\/td>\n<\/tr>\n<tr>\n<td>Propozice 1. kola star\u0161\u00edho \u017eactva &#8211; \u0160umperk 12.5.2015<\/td>\n<td>zde<\/td>\n<\/tr>\n<tr>\n<td>Zpravodaj star\u0161\u00edch \u017e\u00e1ky\u0148 \u010d.1<\/td>\n<td><a href=\"http:\/\/www.atletikaolomouc.cz\/wp-content\/uploads\/2015\/05\/Zpravodaj-st-\u017e\u00e1kyn\u011b-\u010d.1-2015.pdf\" target=\"_blank\">PDF<\/a><\/td>\n<\/tr>\n<tr>\n<td>P\u0159ehled start\u016f star\u0161\u00edch \u017e\u00e1ky\u0148 na 1. kole<\/td>\n<td><a href=\"http:\/\/www.atletikaolomouc.cz\/wp-content\/uploads\/2015\/05\/P\u0159ehled-start\u016f-star\u0161\u00ed-\u017e\u00e1kyn\u011b-1.-kolo-2015.pdf\" target=\"_blank\">PDF<\/a><\/td>\n<\/tr>\n<\/tbody>\n<\/table>\n","protected":false},"excerpt":{"rendered":"<p>V pond\u011bl\u00ed 11.5.2015 se v Olomouci kon\u00e1 1. kolo dru\u017estev mlad\u0161\u00edho \u017eactva. Sraz v\u0161ech z\u00e1vodn\u00edk\u016f ro\u010dn\u00edk\u016f narozen\u00ed 2002 a 2003 je ve 14:00 hodin na hlavn\u00ed tribun\u011b AK Olomouc. V \u00fater\u00fd 12.5.2015 jede star\u0161\u00ed \u017eactvo do \u0160umperku. Sraz ro\u010dn\u00edk\u016f narozen\u00ed &hellip; <a href=\"https:\/\/old.atletikaolomouc.cz\/?p=5865\">Continue reading <span class=\"meta-nav\">&rarr;<\/span><\/a><\/p>\n","protected":false},"author":4,"featured_media":5210,"comment_status":"closed","ping_status":"closed","sticky":false,"template":"","format":"standard","meta":{"ngg_post_thumbnail":0},"categories":[17,18,15,16],"tags":[],"_links":{"self":[{"href":"https:\/\/old.atletikaolomouc.cz\/index.php?rest_route=\/wp\/v2\/posts\/5865"}],"collection":[{"href":"https:\/\/old.atletikaolomouc.cz\/index.php?rest_route=\/wp\/v2\/posts"}],"about":[{"href":"https:\/\/old.atletikaolomouc.cz\/index.php?rest_route=\/wp\/v2\/types\/post"}],"author":[{"embeddable":true,"href":"https:\/\/old.atletikaolomouc.cz\/index.php?rest_route=\/wp\/v2\/users\/4"}],"replies":[{"embeddable":true,"href":"https:\/\/old.atletikaolomouc.cz\/index.php?rest_route=%2Fwp%2Fv2%2Fcomments&post=5865"}],"version-history":[{"count":3,"href":"https:\/\/old.atletikaolomouc.cz\/index.php?rest_route=\/wp\/v2\/posts\/5865\/revisions"}],"predecessor-version":[{"id":5872,"href":"https:\/\/old.atletikaolomouc.cz\/index.php?rest_route=\/wp\/v2\/posts\/5865\/revisions\/5872"}],"wp:featuredmedia":[{"embeddable":true,"href":"https:\/\/old.atletikaolomouc.cz\/index.php?rest_route=\/wp\/v2\/media\/5210"}],"wp:attachment":[{"href":"https:\/\/old.atletikaolomouc.cz\/index.php?rest_route=%2Fwp%2Fv2%2Fmedia&parent=5865"}],"wp:term":[{"taxonomy":"category","embeddable":true,"href":"https:\/\/old.atletikaolomouc.cz\/index.php?rest_route=%2Fwp%2Fv2%2Fcategories&post=5865"},{"taxonomy":"post_tag","embeddable":true,"href":"https:\/\/old.atletikaolomouc.cz\/index.php?rest_route=%2Fwp%2Fv2%2Ftags&post=5865"}],"curies":[{"name":"wp","href":"https:\/\/api.w.org\/{rel}","templated":true}]}}