{"id":5915,"date":"2015-05-14T15:40:24","date_gmt":"2015-05-14T13:40:24","guid":{"rendered":"http:\/\/www.atletikaolomouc.cz\/?p=5915"},"modified":"2015-05-21T08:39:51","modified_gmt":"2015-05-21T06:39:51","slug":"vitezna-druzstva-zactva","status":"publish","type":"post","link":"https:\/\/old.atletikaolomouc.cz\/?p=5915","title":{"rendered":"V\u00edt\u011bzn\u00e1 dru\u017estva \u017eactva"},"content":{"rendered":"<p style=\"text-align: justify;\">\u010cty\u0159i dru\u017estva, \u010dty\u0159i v\u00edt\u011bzstv\u00ed a spousta nov\u00fdch osobn\u00edch rekord\u016f. I tak by se dalo shrnout 1. kolo krajsk\u00e9 sout\u011b\u017ee dru\u017estev mlad\u0161\u00edho a star\u0161\u00edho \u017eactva, kter\u00e9 se konalo v pond\u011bl\u00ed 11.5. v Olomouci a v \u00fater\u00fd 12.5. v \u0160umperku.<\/p>\n<p style=\"text-align: justify;\"><!--more--><\/p>\n<p style=\"text-align: justify;\">Mlad\u0161\u00ed \u017eactvo se v Olomouci uk\u00e1zalo ve skv\u011bl\u00e9 form\u011b. Kluci zv\u00edt\u011bzili suver\u00e9nn\u011b ziskem 227 bod\u016f. Holky bojovaly o prvn\u00ed m\u00edsto s Prost\u011bjovem a nakonec strhly v\u00edt\u011bzstv\u00ed na svoji stranu ziskem 163 bod\u016f. Za zm\u00ednku ur\u010dit\u011b stoj\u00ed v\u00fdkon Karol\u00edny Petrov\u00e9 v b\u011bhu na 300 m, kter\u00e1 \u010dasem 43,64 p\u0159ekonala odd\u00edlov\u00fd rekord mlad\u0161\u00edch \u017e\u00e1ky\u0148. Star\u0161\u00ed \u017e\u00e1ci v \u0160umperku tak\u00e9 uk\u00e1zali svoji s\u00edlu a celkov\u00fdm sou\u010dtem 288,5 bod\u016f zv\u00edt\u011bzili s n\u00e1skokem 144 bod\u016f p\u0159ed druh\u00fdm Prost\u011bjovem. Star\u0161\u00ed \u017e\u00e1kyn\u011b zv\u00edt\u011bzily sou\u010dtem 207 bod\u016f. V\u00edce informac\u00ed o z\u00e1vodech najdete ve zpravodaj\u00edch jednotliv\u00fdch dru\u017estev.<\/p>\n<p style=\"text-align: justify;\">1. kolo mlad\u0161\u00edho \u017eactva &#8211; <a href=\"http:\/\/online.atletika.cz\/vysledky.aspx?idk=23054\" target=\"_blank\">v\u00fdsledky<\/a> &#8211; <a title=\"1. kolo mlad\u0161\u00edho \u017eactva 2015 \u2013 foto\" href=\"http:\/\/www.atletikaolomouc.cz\/?p=5908\" target=\"_blank\">foto<\/a><br \/>1. kolo star\u0161\u00edho \u017eactva &#8211; <a href=\"http:\/\/online.atletika.cz\/vysledky.aspx?idk=23172\" target=\"_blank\">v\u00fdsledky<\/a> &#8211; <a title=\"1. kolo star\u0161\u00edho \u017eactva 2015 \u2013 foto\" href=\"http:\/\/www.atletikaolomouc.cz\/?p=5912\" target=\"_blank\">foto<\/a><\/p>\n<p style=\"text-align: justify;\"><strong>Zpravodaje:<\/strong><\/p>\n<p>&nbsp;<\/p>\n<table border=\"0\">\n<tbody>\n<tr>\n<td><strong>Mlad\u0161\u00ed \u017e\u00e1kyn\u011b:<\/strong><\/td>\n<td>\u00a0<\/td>\n<\/tr>\n<tr>\n<td>Zpravodaj mlad\u0161\u00edch \u017e\u00e1ky\u0148 po 1. kole<\/td>\n<td><a href=\"http:\/\/www.atletikaolomouc.cz\/wp-content\/uploads\/2015\/05\/Zpravodaj-po-1.-kole.pdf\" target=\"_blank\">PDF<\/a><\/td>\n<\/tr>\n<tr>\n<td>Bodov\u00e1n\u00ed jednotlivc\u016f &#8211; mlad\u0161\u00ed \u017e\u00e1kyn\u011b<\/td>\n<td><a href=\"http:\/\/www.atletikaolomouc.cz\/wp-content\/uploads\/2015\/05\/Bodov\u00e1n\u00ed-jednotlivc\u016f-KP-dru\u017etev-mlad\u0161\u00ed-\u017e\u00e1kyn\u011b.pdf\" target=\"_blank\">PDF<\/a><\/td>\n<\/tr>\n<tr>\n<td>\u00a0<\/td>\n<td>\u00a0<\/td>\n<\/tr>\n<tr>\n<td><strong>Mlad\u0161\u00ed \u017e\u00e1ci:<\/strong><\/td>\n<td>\u00a0<\/td>\n<\/tr>\n<tr>\n<td>Zpravodaj mlad\u0161\u00edch \u017e\u00e1k\u016f po 1. kole<\/td>\n<td><a href=\"http:\/\/www.atletikaolomouc.cz\/wp-content\/uploads\/2015\/05\/Zpravodaj-\u010d1-po-prvn\u00edm-kole.pdf\" target=\"_blank\">PDF<\/a><\/td>\n<\/tr>\n<tr>\n<td>\u00a0<\/td>\n<td>\u00a0<\/td>\n<\/tr>\n<tr>\n<td><strong>Star\u0161\u00ed \u017e\u00e1kyn\u011b:<\/strong><\/td>\n<td>\u00a0<\/td>\n<\/tr>\n<tr>\n<td>Zpravodaj mlad\u0161\u00edch \u017e\u00e1ky\u0148 po 1. kole<\/td>\n<td><a href=\"http:\/\/www.atletikaolomouc.cz\/wp-content\/uploads\/2015\/05\/Zpravodaj-star\u0161\u00edch-\u017e\u00e1ky\u0148-po-1.-kole.pdf\" target=\"_blank\">PDF<\/a><\/td>\n<\/tr>\n<tr>\n<td>Bodov\u00e1n\u00ed jednotlivc\u016f &#8211; star\u0161\u00ed \u017e\u00e1kyn\u011b<\/td>\n<td><a href=\"http:\/\/www.atletikaolomouc.cz\/wp-content\/uploads\/2015\/05\/tabulka_bodovani_stzakyne_2015.pdf\" target=\"_blank\">PDF<\/a><\/td>\n<\/tr>\n<tr>\n<td>\u00a0<\/td>\n<td>\u00a0<\/td>\n<\/tr>\n<tr>\n<td><strong>Star\u0161\u00ed \u017e\u00e1ci:<\/strong><\/td>\n<td>\u00a0<\/td>\n<\/tr>\n<tr>\n<td>Zpravodaj star\u0161\u00edch \u017e\u00e1k\u016f po 1. kole<\/td>\n<td><a href=\"http:\/\/www.atletikaolomouc.cz\/wp-content\/uploads\/2015\/05\/Zpravodaj-po-1.-kole-zaku-2015.pdf\" target=\"_blank\">PDF<\/a><\/td>\n<\/tr>\n<tr>\n<td>Bodov\u00e1n\u00ed jednotlivc\u016f &#8211; star\u0161\u00ed \u017e\u00e1ci<\/td>\n<td><a href=\"http:\/\/www.atletikaolomouc.cz\/wp-content\/uploads\/2015\/05\/bodovani_zaci_2015.pdf\" target=\"_blank\">PDF<\/a><\/td>\n<\/tr>\n<\/tbody>\n<\/table>\n","protected":false},"excerpt":{"rendered":"<p>\u010cty\u0159i dru\u017estva, \u010dty\u0159i v\u00edt\u011bzstv\u00ed a spousta nov\u00fdch osobn\u00edch rekord\u016f. I tak by se dalo shrnout 1. kolo krajsk\u00e9 sout\u011b\u017ee dru\u017estev mlad\u0161\u00edho a star\u0161\u00edho \u017eactva, kter\u00e9 se konalo v pond\u011bl\u00ed 11.5. v Olomouci a v \u00fater\u00fd 12.5. v \u0160umperku.<\/p>\n","protected":false},"author":4,"featured_media":5921,"comment_status":"closed","ping_status":"closed","sticky":false,"template":"","format":"standard","meta":{"ngg_post_thumbnail":0},"categories":[6,37,17,18,15,16],"tags":[],"_links":{"self":[{"href":"https:\/\/old.atletikaolomouc.cz\/index.php?rest_route=\/wp\/v2\/posts\/5915"}],"collection":[{"href":"https:\/\/old.atletikaolomouc.cz\/index.php?rest_route=\/wp\/v2\/posts"}],"about":[{"href":"https:\/\/old.atletikaolomouc.cz\/index.php?rest_route=\/wp\/v2\/types\/post"}],"author":[{"embeddable":true,"href":"https:\/\/old.atletikaolomouc.cz\/index.php?rest_route=\/wp\/v2\/users\/4"}],"replies":[{"embeddable":true,"href":"https:\/\/old.atletikaolomouc.cz\/index.php?rest_route=%2Fwp%2Fv2%2Fcomments&post=5915"}],"version-history":[{"count":4,"href":"https:\/\/old.atletikaolomouc.cz\/index.php?rest_route=\/wp\/v2\/posts\/5915\/revisions"}],"predecessor-version":[{"id":5923,"href":"https:\/\/old.atletikaolomouc.cz\/index.php?rest_route=\/wp\/v2\/posts\/5915\/revisions\/5923"}],"wp:featuredmedia":[{"embeddable":true,"href":"https:\/\/old.atletikaolomouc.cz\/index.php?rest_route=\/wp\/v2\/media\/5921"}],"wp:attachment":[{"href":"https:\/\/old.atletikaolomouc.cz\/index.php?rest_route=%2Fwp%2Fv2%2Fmedia&parent=5915"}],"wp:term":[{"taxonomy":"category","embeddable":true,"href":"https:\/\/old.atletikaolomouc.cz\/index.php?rest_route=%2Fwp%2Fv2%2Fcategories&post=5915"},{"taxonomy":"post_tag","embeddable":true,"href":"https:\/\/old.atletikaolomouc.cz\/index.php?rest_route=%2Fwp%2Fv2%2Ftags&post=5915"}],"curies":[{"name":"wp","href":"https:\/\/api.w.org\/{rel}","templated":true}]}}