{"id":5942,"date":"2015-05-18T22:38:55","date_gmt":"2015-05-18T20:38:55","guid":{"rendered":"http:\/\/www.atletikaolomouc.cz\/?p=5942"},"modified":"2015-05-18T22:38:55","modified_gmt":"2015-05-18T20:38:55","slug":"cokoladova-tretra-olomouc-5","status":"publish","type":"post","link":"https:\/\/old.atletikaolomouc.cz\/?p=5942","title":{"rendered":"\u010cokol\u00e1dov\u00e1 tretra Olomouc"},"content":{"rendered":"<p style=\"text-align: justify;\">V pond\u011bl\u00ed 18.5.2015 prob\u011bhla na stadionu TJ Lokomotiva \u010cokol\u00e1dov\u00e1 tretra Olomouc. Z\u00e1vodu se z\u00fa\u010dastnilo 371 d\u011bt\u00ed ve v\u011bku od 3 m\u011bs\u00edc\u016f do 13 let. V\u00edt\u011bzov\u00e9 jednotliv\u00fdch kategori\u00ed si vybojovali postup do fin\u00e1le, kter\u00e9 prob\u011bhne v r\u00e1mci z\u00e1vodu Zlat\u00e1 tretra 2015 v Ostrav\u011b.<\/p>\n<p style=\"text-align: justify;\"><!--more--><\/p>\n<p style=\"text-align: justify;\">Patronem z\u00e1vodu byl olympijsk\u00fd v\u00edt\u011bz a dr\u017eitel sv\u011btov\u00e9ho rekordu v hodu o\u0161t\u011bpem Jan \u017delezn\u00fd. Z\u00e1vodilo se v b\u011bz\u00edch od 30 m pro nejmen\u0161\u00ed z\u00e1vodn\u00edky po 300 m pro mlad\u0161\u00ed \u017eactvo. Ve fin\u00e1le na Zlat\u00e9 tret\u0159e bude h\u00e1jit barvy Atletick\u00e9ho klubu Olomouc Karol\u00edna Petrov\u00e1, kter\u00e1 vylep\u0161ila vlastn\u00ed odd\u00edlov\u00fd rekord v b\u011bhu na 300 m \u010dasem 43,58 s a v Ostrav\u011b by m\u011bla pat\u0159it k nejv\u011bt\u0161\u00edm favoritk\u00e1m. Gratulujeme.<\/p>\n<p style=\"text-align: justify;\">V\u00fdsledky \u010cokol\u00e1dov\u00e9 tretry Olomouc &#8211; <a href=\"http:\/\/www.atletikaolomouc.cz\/wp-content\/uploads\/2014\/11\/%C4%8Cokol%C3%A1dov%C3%A1-tretra-Olomouc_kompletn%C3%AD-v%C3%BDsledky-2015.pdf\" target=\"_blank\">PDF<\/a><br \/>Fotky <a title=\"\u010cokol\u00e1dov\u00e1 tretra Olomouc \u2013 foto\" href=\"http:\/\/www.atletikaolomouc.cz\/?p=5939\" target=\"_blank\">zde<\/a>.<\/p>\n","protected":false},"excerpt":{"rendered":"<p>V pond\u011bl\u00ed 18.5.2015 prob\u011bhla na stadionu TJ Lokomotiva \u010cokol\u00e1dov\u00e1 tretra Olomouc. Z\u00e1vodu se z\u00fa\u010dastnilo 371 d\u011bt\u00ed ve v\u011bku od 3 m\u011bs\u00edc\u016f do 13 let. V\u00edt\u011bzov\u00e9 jednotliv\u00fdch kategori\u00ed si vybojovali postup do fin\u00e1le, kter\u00e9 prob\u011bhne v r\u00e1mci z\u00e1vodu Zlat\u00e1 tretra 2015 &hellip; <a href=\"https:\/\/old.atletikaolomouc.cz\/?p=5942\">Continue reading <span class=\"meta-nav\">&rarr;<\/span><\/a><\/p>\n","protected":false},"author":4,"featured_media":5943,"comment_status":"closed","ping_status":"closed","sticky":false,"template":"","format":"standard","meta":{"ngg_post_thumbnail":0},"categories":[6,37,17,18,19],"tags":[],"_links":{"self":[{"href":"https:\/\/old.atletikaolomouc.cz\/index.php?rest_route=\/wp\/v2\/posts\/5942"}],"collection":[{"href":"https:\/\/old.atletikaolomouc.cz\/index.php?rest_route=\/wp\/v2\/posts"}],"about":[{"href":"https:\/\/old.atletikaolomouc.cz\/index.php?rest_route=\/wp\/v2\/types\/post"}],"author":[{"embeddable":true,"href":"https:\/\/old.atletikaolomouc.cz\/index.php?rest_route=\/wp\/v2\/users\/4"}],"replies":[{"embeddable":true,"href":"https:\/\/old.atletikaolomouc.cz\/index.php?rest_route=%2Fwp%2Fv2%2Fcomments&post=5942"}],"version-history":[{"count":1,"href":"https:\/\/old.atletikaolomouc.cz\/index.php?rest_route=\/wp\/v2\/posts\/5942\/revisions"}],"predecessor-version":[{"id":5944,"href":"https:\/\/old.atletikaolomouc.cz\/index.php?rest_route=\/wp\/v2\/posts\/5942\/revisions\/5944"}],"wp:featuredmedia":[{"embeddable":true,"href":"https:\/\/old.atletikaolomouc.cz\/index.php?rest_route=\/wp\/v2\/media\/5943"}],"wp:attachment":[{"href":"https:\/\/old.atletikaolomouc.cz\/index.php?rest_route=%2Fwp%2Fv2%2Fmedia&parent=5942"}],"wp:term":[{"taxonomy":"category","embeddable":true,"href":"https:\/\/old.atletikaolomouc.cz\/index.php?rest_route=%2Fwp%2Fv2%2Fcategories&post=5942"},{"taxonomy":"post_tag","embeddable":true,"href":"https:\/\/old.atletikaolomouc.cz\/index.php?rest_route=%2Fwp%2Fv2%2Ftags&post=5942"}],"curies":[{"name":"wp","href":"https:\/\/api.w.org\/{rel}","templated":true}]}}