{"id":6411,"date":"2015-09-06T21:47:12","date_gmt":"2015-09-06T19:47:12","guid":{"rendered":"http:\/\/www.atletikaolomouc.cz\/?p=6411"},"modified":"2015-09-06T21:47:12","modified_gmt":"2015-09-06T19:47:12","slug":"historicky-uspech-v-soutezi-druzstev","status":"publish","type":"post","link":"https:\/\/old.atletikaolomouc.cz\/?p=6411","title":{"rendered":"Historick\u00fd \u00fasp\u011bch v sout\u011b\u017ei dru\u017estev"},"content":{"rendered":"<p>Neuv\u011b\u0159iteln\u00e9 se stalo skutkem!!!\u00a0Dru\u017estvo mu\u017e\u016f Atletickeho klubu Olomouc vybojovalo historick\u00fd \u00fasp\u011bch a vybojovalo pro rok 2016 extraligu!!!<!--more-->Dru\u017estvo pod veden\u00edm <strong>Zde\u0148ka Rakowsk\u00e9ho<\/strong> v Praze na Julisce dos\u00e1hlo na 8. m\u00edsto v sou\u010dtu 50 bod\u016f. Stejn\u00fd sou\u010det dos\u00e1hlo i dru\u017estvo\u00a0SK Nov\u00e9 M\u011bsto nad Metuj\u00ed a tak chv\u00edli nebylo jasn\u00e9, kter\u00e9 z t\u011bchto dru\u017estev pro p\u0159\u00ed\u0161t\u00ed rok extraligu z\u00edsk\u00e1. Nakonec se zada\u0159ilo.<\/p>\n<p>Na\u0161e sestava se op\u00edrala p\u0159edev\u0161\u00edm o kvalitn\u00ed vrhy a tak\u00e9 skoky. <strong>Martin Nov\u00e1k <\/strong>bral 3. m\u00edsto v kouli (19.13m) a 5. m\u00edsto v disku (50.24m). <strong>Tom\u00e1\u0161 Koudela<\/strong>\u00a07. m\u00edsto v kouli (14.77m) a 8. m\u00edsto v kladivu (54.10m). Kvalitn\u00ed z na\u0161eho pohledu byla v\u00fd\u0161ka: <strong>David \u0160utera <\/strong>3. m\u00edsto (201cm), <strong>Marek Navr\u00e1til<\/strong> 6. m\u00edsto (196cm), <strong>Tom\u00e1\u0161 Do\u010dkal <\/strong>7. m\u00edsto (191cm) a <strong>Martin Odstr\u010dil <\/strong>d\u011blen\u00e9 8. m\u00edsto (186cm).<\/p>\n<p><strong>Jindra Ve\u010de\u0159a <\/strong>vyhr\u00e1l sv\u016fj b\u011bh na 110mp\u0159. a bral celkov\u00e9 6. m\u00edsto (15.27s). <strong>Tom\u00e1\u0161 Jane\u010dek <\/strong>bral 2 body v trojskoku za v\u00fdkon 14.12m. Ka\u017ed\u00fd bod se ale po\u010d\u00edtal jak se nakonec uk\u00e1zalo a tak kl\u00ed\u010dovou roli sehr\u00e1lo i 1,5 bodu z ty\u010de &#8211; <strong>Luk\u00e1\u0161 Do\u010dkal <\/strong>(4.00m) a 1 bod ze \u0161tafety 4x100m v sestav\u011b\u00a0<strong>Mazurek, R\u00f6der, Samuel, Ve\u010de\u0159a.<\/strong><\/p>\n<p>Kolektivn\u00ed v\u00fdkon na hranici mo\u017enost\u00ed v chladn\u00e9m po\u010das\u00ed na Julisce tak p\u0159inesl pro p\u0159\u00ed\u0161t\u00ed rok do Olomouce extraligu!<\/p>\n<p>V\u00fdsledky <a href=\"http:\/\/online.atletika.cz\/vysledky.aspx?idk=23298&amp;stats=2\" target=\"_blank\">zde<\/a>.<\/p>\n","protected":false},"excerpt":{"rendered":"<p>Neuv\u011b\u0159iteln\u00e9 se stalo skutkem!!!\u00a0Dru\u017estvo mu\u017e\u016f Atletickeho klubu Olomouc vybojovalo historick\u00fd \u00fasp\u011bch a vybojovalo pro rok 2016 extraligu!!!<\/p>\n","protected":false},"author":3,"featured_media":6412,"comment_status":"closed","ping_status":"closed","sticky":false,"template":"","format":"standard","meta":{"ngg_post_thumbnail":0},"categories":[5,37,8],"tags":[],"_links":{"self":[{"href":"https:\/\/old.atletikaolomouc.cz\/index.php?rest_route=\/wp\/v2\/posts\/6411"}],"collection":[{"href":"https:\/\/old.atletikaolomouc.cz\/index.php?rest_route=\/wp\/v2\/posts"}],"about":[{"href":"https:\/\/old.atletikaolomouc.cz\/index.php?rest_route=\/wp\/v2\/types\/post"}],"author":[{"embeddable":true,"href":"https:\/\/old.atletikaolomouc.cz\/index.php?rest_route=\/wp\/v2\/users\/3"}],"replies":[{"embeddable":true,"href":"https:\/\/old.atletikaolomouc.cz\/index.php?rest_route=%2Fwp%2Fv2%2Fcomments&post=6411"}],"version-history":[{"count":2,"href":"https:\/\/old.atletikaolomouc.cz\/index.php?rest_route=\/wp\/v2\/posts\/6411\/revisions"}],"predecessor-version":[{"id":6414,"href":"https:\/\/old.atletikaolomouc.cz\/index.php?rest_route=\/wp\/v2\/posts\/6411\/revisions\/6414"}],"wp:featuredmedia":[{"embeddable":true,"href":"https:\/\/old.atletikaolomouc.cz\/index.php?rest_route=\/wp\/v2\/media\/6412"}],"wp:attachment":[{"href":"https:\/\/old.atletikaolomouc.cz\/index.php?rest_route=%2Fwp%2Fv2%2Fmedia&parent=6411"}],"wp:term":[{"taxonomy":"category","embeddable":true,"href":"https:\/\/old.atletikaolomouc.cz\/index.php?rest_route=%2Fwp%2Fv2%2Fcategories&post=6411"},{"taxonomy":"post_tag","embeddable":true,"href":"https:\/\/old.atletikaolomouc.cz\/index.php?rest_route=%2Fwp%2Fv2%2Ftags&post=6411"}],"curies":[{"name":"wp","href":"https:\/\/api.w.org\/{rel}","templated":true}]}}