{"id":6446,"date":"2015-09-14T11:37:53","date_gmt":"2015-09-14T09:37:53","guid":{"rendered":"http:\/\/www.atletikaolomouc.cz\/?p=6446"},"modified":"2015-09-14T11:42:29","modified_gmt":"2015-09-14T09:42:29","slug":"mistrovstvi-moravy-a-slezka-mladsiho-zactva","status":"publish","type":"post","link":"https:\/\/old.atletikaolomouc.cz\/?p=6446","title":{"rendered":"Mistrovstv\u00ed Moravy a Slezka mlad\u0161\u00edho \u017eactva"},"content":{"rendered":"<p style=\"text-align: justify;\">Dne 13. 9. 2015 se za p\u0159\u00edjemn\u00e9ho av\u0161ak v\u011btrn\u00e9ho po\u010das\u00ed konalo Mistrovstv\u00ed Moravy a Slezka mlad\u0161\u00edho \u017eactva. Tentokr\u00e1t jej hostilo jihomoravsk\u00e9 Znojmo.<!--more--><\/p>\n<p style=\"text-align: justify;\">\u00a0 \u00a0 \u00a0Atletick\u00fd klub Olomouc reprezentovalo celkem 17 atlet\u016f a atletek. Mezi nej\u00fasp\u011b\u0161n\u011bj\u0161\u00ed pat\u0159il Samuel Lawson, kter\u00fd se stal hned dvojn\u00e1sobn\u00fdm mistrem Moravy a jednou v\u00edcemistrem. Sam zv\u00edt\u011bzil v b\u011bhu na 60 m p\u0159ek\u00e1\u017eek v p\u011bkn\u00e9m \u010dase 9,65 s, d\u00e1le zv\u00edt\u011bzil ve skoku do d\u00e1lky v\u00fdkonem 537 cm a skon\u010dil na druh\u00e9m m\u00edst\u011b v b\u011bhu na 60 m \u010dasem 8,02 s. Karol\u00edna Petrov\u00e1 z\u00edskala tak\u00e9 mistrovsk\u00fd double. Zv\u00edt\u011bzila v b\u011bhu na 60 m \u010dasem 8,35 s a v\u00edt\u011bzstv\u00edm v b\u011bhu na 300 m \u010dasem 43,48 s v siln\u00e9m protiv\u011btru dokonce p\u0159ekonala sv\u016fj vlastn\u00ed odd\u00edlov\u00fd rekord mlad\u0161\u00edch \u017e\u00e1ky\u0148!<\/p>\n<p style=\"text-align: justify;\"><a href=\"http:\/\/www.atletikaolomouc.cz\/?attachment_id=6448\" rel=\"attachment wp-att-6448\"><img decoding=\"async\" loading=\"lazy\" class=\"aligncenter size-medium wp-image-6448\" title=\"image1\" src=\"http:\/\/www.atletikaolomouc.cz\/wp-content\/uploads\/2015\/09\/image1-e1442223412517-210x300.jpg\" alt=\"\" width=\"210\" height=\"300\" srcset=\"https:\/\/old.atletikaolomouc.cz\/wp-content\/uploads\/2015\/09\/image1-e1442223412517-210x300.jpg 210w, https:\/\/old.atletikaolomouc.cz\/wp-content\/uploads\/2015\/09\/image1-e1442223412517-420x600.jpg 420w, https:\/\/old.atletikaolomouc.cz\/wp-content\/uploads\/2015\/09\/image1-e1442223412517.jpg 1685w\" sizes=\"(max-width: 210px) 100vw, 210px\" \/><\/a><\/p>\n<p>Mezi dal\u0161\u00ed \u00fasp\u011b\u0161n\u00e9, av\u0161ak bohu\u017eel u\u017e ne medailemi ocen\u011bn\u00e9 pat\u0159ili:<\/p>\n<p>Kry\u0161tof Sl\u00e1dek &#8211; 5. v hodu m\u00ed\u010dkem v\u00fdkonem 54,37 m,<\/p>\n<p>Eichlerov\u00e1 Veronika &#8211; 5. v hodu m\u00ed\u010dkem v\u00fdkonem 44,00 m, a 5. ve skoku do v\u00fd\u0161ky v\u00fdkonem 140 cm,<\/p>\n<p>Ad\u00e9la Hlochov\u00e1 &#8211; 6. ve skoku do d\u00e1lky v\u00fdkonem 434 cm,<\/p>\n<p>\u0160tafeta hoch\u016f na 4&#215;60 m \u00a0ve slo\u017een\u00ed Nevrla, Sl\u00e1dek, Lochman a Proch\u00e1zka &#8211; 4. v \u010dase 33,16 s<\/p>\n<p>a dal\u0161\u00ed&#8230;<\/p>\n<p>Kompletn\u00ed v\u00fdsledky dostupn\u00e9 <a href=\"http:\/\/online.atletika.cz\/vysledky.aspx?idk=22948\">zde.<\/a><\/p>\n<p>V\u0161em z\u00fa\u010dastn\u011bn\u00fdm d\u011bkuji za vzornou reprezentaci AK Olomouc.<\/p>\n","protected":false},"excerpt":{"rendered":"<p>Dne 13. 9. 2015 se za p\u0159\u00edjemn\u00e9ho av\u0161ak v\u011btrn\u00e9ho po\u010das\u00ed konalo Mistrovstv\u00ed Moravy a Slezka mlad\u0161\u00edho \u017eactva. Tentokr\u00e1t jej hostilo jihomoravsk\u00e9 Znojmo.<\/p>\n","protected":false},"author":10,"featured_media":0,"comment_status":"closed","ping_status":"closed","sticky":false,"template":"","format":"standard","meta":{"ngg_post_thumbnail":0},"categories":[5,6,25],"tags":[],"_links":{"self":[{"href":"https:\/\/old.atletikaolomouc.cz\/index.php?rest_route=\/wp\/v2\/posts\/6446"}],"collection":[{"href":"https:\/\/old.atletikaolomouc.cz\/index.php?rest_route=\/wp\/v2\/posts"}],"about":[{"href":"https:\/\/old.atletikaolomouc.cz\/index.php?rest_route=\/wp\/v2\/types\/post"}],"author":[{"embeddable":true,"href":"https:\/\/old.atletikaolomouc.cz\/index.php?rest_route=\/wp\/v2\/users\/10"}],"replies":[{"embeddable":true,"href":"https:\/\/old.atletikaolomouc.cz\/index.php?rest_route=%2Fwp%2Fv2%2Fcomments&post=6446"}],"version-history":[{"count":12,"href":"https:\/\/old.atletikaolomouc.cz\/index.php?rest_route=\/wp\/v2\/posts\/6446\/revisions"}],"predecessor-version":[{"id":6459,"href":"https:\/\/old.atletikaolomouc.cz\/index.php?rest_route=\/wp\/v2\/posts\/6446\/revisions\/6459"}],"wp:attachment":[{"href":"https:\/\/old.atletikaolomouc.cz\/index.php?rest_route=%2Fwp%2Fv2%2Fmedia&parent=6446"}],"wp:term":[{"taxonomy":"category","embeddable":true,"href":"https:\/\/old.atletikaolomouc.cz\/index.php?rest_route=%2Fwp%2Fv2%2Fcategories&post=6446"},{"taxonomy":"post_tag","embeddable":true,"href":"https:\/\/old.atletikaolomouc.cz\/index.php?rest_route=%2Fwp%2Fv2%2Ftags&post=6446"}],"curies":[{"name":"wp","href":"https:\/\/api.w.org\/{rel}","templated":true}]}}