{"id":6485,"date":"2015-09-17T08:01:40","date_gmt":"2015-09-17T06:01:40","guid":{"rendered":"http:\/\/www.atletikaolomouc.cz\/?p=6485"},"modified":"2015-09-17T14:14:07","modified_gmt":"2015-09-17T12:14:07","slug":"druzstva-mladsiho-zactva-vitezne-na-3-kole-kp-druztev","status":"publish","type":"post","link":"https:\/\/old.atletikaolomouc.cz\/?p=6485","title":{"rendered":"Dru\u017estva mlad\u0161\u00edho \u017eactva v\u00edt\u011bzn\u011b na 3. kole KP dru\u017etev"},"content":{"rendered":"<p style=\"text-align: justify;\">Dne 16. 9. 2015 se v Prost\u011bjov\u011b konalo 3. kolo sout\u011b\u017ee krajsk\u00e9ho p\u0159eboru dru\u017estev mlad\u0161\u00edch \u017e\u00e1k\u016f a \u017e\u00e1ky\u0148. Sou\u010dasn\u011b tyto z\u00e1vody byly tak\u00e9 krajsk\u00fdm p\u0159eborem mlad\u0161\u00edho \u017eactva jednotlivc\u016f.<!--more--><\/p>\n<p>Ob\u011b na\u0161e dru\u017estva v tomto kole zv\u00edt\u011bzila a postupuj\u00ed na Mistrovstv\u00ed Moravy, kter\u00e9 se kon\u00e1 4. 10. 2015 ve Znojm\u011b!\u00a0<\/p>\n<p>Mezi nej\u00fasp\u011b\u0161n\u011bj\u0161\u00ed pat\u0159ili a krajsk\u00fdmi p\u0159eborn\u00edky \u010di medailisty se stali:<\/p>\n<p>Karol\u00edna Petrov\u00e1 &#8211; 1. v b\u011bhu na 60 m (8,55 s), 1. v b\u011bhu na 300 m (44,04 s), 1. v b\u011bhu na 150 m (20,89 s)<\/p>\n<p>Samuel Lawson &#8211; 1. ve skoku do d\u00e1lky (546 cm), 1. v b\u011bhu na 60 m (8,39 s), 2. v b\u011bhu na 60 m p\u0159. (9,88 s)<\/p>\n<p>Lucie Mi\u010dunkov\u00e1 &#8211; 1. ve skoku do d\u00e1lky (437 cm), 2. v b\u011bhu na 60 m (8,55 s), 2. v b\u011bhu na 300 m (46,73 s)<\/p>\n<p>Karol\u00edna Morbitzerov\u00e1 &#8211; 1. ve vrhu koul\u00ed (10,36 m)<\/p>\n<p>\u0160tafeta hoch\u016f \u00a0ve slo\u017een\u00ed Lochman, \u0160alman, Proch\u00e1zka, Hor\u00e1k &#8211; 1. v b\u011bhu na 4&#215;60 m (33,14 s)<\/p>\n<p>a dal\u0161\u00ed&#8230;<\/p>\n<p>Zpravodaj dru\u017estva mlad\u0161\u00edch \u017e\u00e1ky\u0148 dostupn\u00fd <a href=\"http:\/\/www.atletikaolomouc.cz\/wp-content\/uploads\/2015\/09\/Zpravodaj-po-3.-kole1.pdf\" target=\"_blank\">zde<\/a>.<\/p>\n<p>Bodov\u00e1n\u00ed jednotlivc\u016f &#8211; mlad\u0161\u00ed \u017e\u00e1kyn\u011b <a href=\"http:\/\/www.atletikaolomouc.cz\/wp-content\/uploads\/2015\/09\/Bodov\u00e1n\u00ed-jednotlivc\u016f-KP-dru\u017etev-mlad\u0161\u00ed-\u017e\u00e1kyn\u011b.pdf\" target=\"_blank\">zde<\/a>.<\/p>\n<p>Kompetn\u00ed v\u00fdsledky dostupn\u00e9 <a href=\"http:\/\/online.atletika.cz\/vysledky.aspx?idk=23877\" target=\"_blank\">zde<\/a>.<\/p>\n<p>D\u011bkuji v\u0161em z\u00e1vodn\u00edk\u016fm za vzornou reprezentaci AK Olomouc.<\/p>\n<p>N\u011bkolik fotografi\u00ed z \u00fasp\u011b\u0161n\u00fdch z\u00e1vod\u016f&#8230;<\/p>\n<div class=\"g-post\" data-href=\"https:\/\/plus.google.com\/103752916514328530520\/posts\/VYem2styjJD\"><\/div>\n","protected":false},"excerpt":{"rendered":"<p>Dne 16. 9. 2015 se v Prost\u011bjov\u011b konalo 3. kolo sout\u011b\u017ee krajsk\u00e9ho p\u0159eboru dru\u017estev mlad\u0161\u00edch \u017e\u00e1k\u016f a \u017e\u00e1ky\u0148. Sou\u010dasn\u011b tyto z\u00e1vody byly tak\u00e9 krajsk\u00fdm p\u0159eborem mlad\u0161\u00edho \u017eactva jednotlivc\u016f.<\/p>\n","protected":false},"author":10,"featured_media":6487,"comment_status":"closed","ping_status":"closed","sticky":false,"template":"","format":"standard","meta":{"ngg_post_thumbnail":0},"categories":[5,6,37,25],"tags":[],"_links":{"self":[{"href":"https:\/\/old.atletikaolomouc.cz\/index.php?rest_route=\/wp\/v2\/posts\/6485"}],"collection":[{"href":"https:\/\/old.atletikaolomouc.cz\/index.php?rest_route=\/wp\/v2\/posts"}],"about":[{"href":"https:\/\/old.atletikaolomouc.cz\/index.php?rest_route=\/wp\/v2\/types\/post"}],"author":[{"embeddable":true,"href":"https:\/\/old.atletikaolomouc.cz\/index.php?rest_route=\/wp\/v2\/users\/10"}],"replies":[{"embeddable":true,"href":"https:\/\/old.atletikaolomouc.cz\/index.php?rest_route=%2Fwp%2Fv2%2Fcomments&post=6485"}],"version-history":[{"count":13,"href":"https:\/\/old.atletikaolomouc.cz\/index.php?rest_route=\/wp\/v2\/posts\/6485\/revisions"}],"predecessor-version":[{"id":6503,"href":"https:\/\/old.atletikaolomouc.cz\/index.php?rest_route=\/wp\/v2\/posts\/6485\/revisions\/6503"}],"wp:featuredmedia":[{"embeddable":true,"href":"https:\/\/old.atletikaolomouc.cz\/index.php?rest_route=\/wp\/v2\/media\/6487"}],"wp:attachment":[{"href":"https:\/\/old.atletikaolomouc.cz\/index.php?rest_route=%2Fwp%2Fv2%2Fmedia&parent=6485"}],"wp:term":[{"taxonomy":"category","embeddable":true,"href":"https:\/\/old.atletikaolomouc.cz\/index.php?rest_route=%2Fwp%2Fv2%2Fcategories&post=6485"},{"taxonomy":"post_tag","embeddable":true,"href":"https:\/\/old.atletikaolomouc.cz\/index.php?rest_route=%2Fwp%2Fv2%2Ftags&post=6485"}],"curies":[{"name":"wp","href":"https:\/\/api.w.org\/{rel}","templated":true}]}}