{"id":6694,"date":"2015-12-02T09:27:27","date_gmt":"2015-12-02T08:27:27","guid":{"rendered":"http:\/\/www.atletikaolomouc.cz\/?p=6694"},"modified":"2015-12-02T09:27:27","modified_gmt":"2015-12-02T08:27:27","slug":"vanocni-hala-pro-pripravky-10-12-2015","status":"publish","type":"post","link":"https:\/\/old.atletikaolomouc.cz\/?p=6694","title":{"rendered":"V\u00e1no\u010dn\u00ed hala pro p\u0159\u00edpravky 10. 12. 2015"},"content":{"rendered":"<p>Atletick\u00fd klub Olomouc po\u0159\u00e1d\u00e1 pro d\u011bti a rodi\u010de z atletick\u00fdch p\u0159\u00edpravek V\u00e1no\u010dn\u00ed halu.\u00a0<!--more--><\/p>\n<p>V\u00e1no\u010dn\u00ed hala p\u0159\u00edpravek letos prob\u011bhne 10. 12. 2015 od 16:00. (Pro z\u00e1jemce o z\u00e1vod ve sprintu prob\u00edh\u00e1 registrace ji\u017e od 15:30) P\u0159edpokl\u00e1dan\u00fd konec akce 17:45. Budou p\u0159ipraveny sout\u011b\u017ee pro d\u011bti, strojen\u00ed strome\u010dku, d\u00e1rky a pro rodi\u010de n\u011bco na zah\u0159\u00e1t\u00ed. V\u0161ichni jste srde\u010dn\u011b zv\u00e1ni !!!<\/p>\n<p>Tr\u00e9ninky v\u0161ech skupin p\u0159\u00edpravek se v tento den NEKONAJ\u00cd !<\/p>\n<p>Pozv\u00e1nka dostupn\u00e1 <a title=\"V\u00e1no\u010dn\u00ed hala pro p\u0159\u00edpravky 2015\" href=\"http:\/\/www.atletikaolomouc.cz\/wp-content\/uploads\/2015\/12\/V\u00e1no\u010dn\u00ed-hala-pro-p\u0159\u00edpravky.doc\" target=\"_blank\">zde.<\/a><\/p>\n","protected":false},"excerpt":{"rendered":"<p>Atletick\u00fd klub Olomouc po\u0159\u00e1d\u00e1 pro d\u011bti a rodi\u010de z atletick\u00fdch p\u0159\u00edpravek V\u00e1no\u010dn\u00ed halu.\u00a0<\/p>\n","protected":false},"author":10,"featured_media":6696,"comment_status":"closed","ping_status":"closed","sticky":false,"template":"","format":"standard","meta":{"ngg_post_thumbnail":0},"categories":[5,6,37,25,19],"tags":[],"_links":{"self":[{"href":"https:\/\/old.atletikaolomouc.cz\/index.php?rest_route=\/wp\/v2\/posts\/6694"}],"collection":[{"href":"https:\/\/old.atletikaolomouc.cz\/index.php?rest_route=\/wp\/v2\/posts"}],"about":[{"href":"https:\/\/old.atletikaolomouc.cz\/index.php?rest_route=\/wp\/v2\/types\/post"}],"author":[{"embeddable":true,"href":"https:\/\/old.atletikaolomouc.cz\/index.php?rest_route=\/wp\/v2\/users\/10"}],"replies":[{"embeddable":true,"href":"https:\/\/old.atletikaolomouc.cz\/index.php?rest_route=%2Fwp%2Fv2%2Fcomments&post=6694"}],"version-history":[{"count":3,"href":"https:\/\/old.atletikaolomouc.cz\/index.php?rest_route=\/wp\/v2\/posts\/6694\/revisions"}],"predecessor-version":[{"id":6699,"href":"https:\/\/old.atletikaolomouc.cz\/index.php?rest_route=\/wp\/v2\/posts\/6694\/revisions\/6699"}],"wp:featuredmedia":[{"embeddable":true,"href":"https:\/\/old.atletikaolomouc.cz\/index.php?rest_route=\/wp\/v2\/media\/6696"}],"wp:attachment":[{"href":"https:\/\/old.atletikaolomouc.cz\/index.php?rest_route=%2Fwp%2Fv2%2Fmedia&parent=6694"}],"wp:term":[{"taxonomy":"category","embeddable":true,"href":"https:\/\/old.atletikaolomouc.cz\/index.php?rest_route=%2Fwp%2Fv2%2Fcategories&post=6694"},{"taxonomy":"post_tag","embeddable":true,"href":"https:\/\/old.atletikaolomouc.cz\/index.php?rest_route=%2Fwp%2Fv2%2Ftags&post=6694"}],"curies":[{"name":"wp","href":"https:\/\/api.w.org\/{rel}","templated":true}]}}