{"id":6702,"date":"2015-12-02T09:35:03","date_gmt":"2015-12-02T08:35:03","guid":{"rendered":"http:\/\/www.atletikaolomouc.cz\/?p=6702"},"modified":"2015-12-02T09:36:45","modified_gmt":"2015-12-02T08:36:45","slug":"vanocni-prazdniny-2","status":"publish","type":"post","link":"https:\/\/old.atletikaolomouc.cz\/?p=6702","title":{"rendered":"V\u00e1no\u010dn\u00ed pr\u00e1zdniny"},"content":{"rendered":"<p>Posledn\u00ed tr\u00e9nink atletick\u00fdch p\u0159\u00edpravek p\u0159ed v\u00e1no\u010dn\u00edmi pr\u00e1zdninami je v p\u00e1tek 18. 12. 2015. Prvn\u00ed tr\u00e9nink v roce 2016 bude v pond\u011bl\u00ed 4. 1. 2016.<\/p>\n<p>P\u0159ejeme v\u0161em p\u0159\u00edjemn\u00e9 pro\u017eit\u00ed v\u00e1no\u010dn\u00edch sv\u00e1tk\u016f a hodn\u011b \u0161t\u011bst\u00ed v nov\u00e9m roce 2016 !!!<\/p>\n","protected":false},"excerpt":{"rendered":"<p>Posledn\u00ed tr\u00e9nink atletick\u00fdch p\u0159\u00edpravek p\u0159ed v\u00e1no\u010dn\u00edmi pr\u00e1zdninami je v p\u00e1tek 18. 12. 2015. Prvn\u00ed tr\u00e9nink v roce 2016 bude v pond\u011bl\u00ed 4. 1. 2016. P\u0159ejeme v\u0161em p\u0159\u00edjemn\u00e9 pro\u017eit\u00ed v\u00e1no\u010dn\u00edch sv\u00e1tk\u016f a hodn\u011b \u0161t\u011bst\u00ed v nov\u00e9m roce 2016 !!!<\/p>\n","protected":false},"author":10,"featured_media":0,"comment_status":"closed","ping_status":"closed","sticky":false,"template":"","format":"standard","meta":{"ngg_post_thumbnail":0},"categories":[5,6,25,19],"tags":[],"_links":{"self":[{"href":"https:\/\/old.atletikaolomouc.cz\/index.php?rest_route=\/wp\/v2\/posts\/6702"}],"collection":[{"href":"https:\/\/old.atletikaolomouc.cz\/index.php?rest_route=\/wp\/v2\/posts"}],"about":[{"href":"https:\/\/old.atletikaolomouc.cz\/index.php?rest_route=\/wp\/v2\/types\/post"}],"author":[{"embeddable":true,"href":"https:\/\/old.atletikaolomouc.cz\/index.php?rest_route=\/wp\/v2\/users\/10"}],"replies":[{"embeddable":true,"href":"https:\/\/old.atletikaolomouc.cz\/index.php?rest_route=%2Fwp%2Fv2%2Fcomments&post=6702"}],"version-history":[{"count":3,"href":"https:\/\/old.atletikaolomouc.cz\/index.php?rest_route=\/wp\/v2\/posts\/6702\/revisions"}],"predecessor-version":[{"id":6705,"href":"https:\/\/old.atletikaolomouc.cz\/index.php?rest_route=\/wp\/v2\/posts\/6702\/revisions\/6705"}],"wp:attachment":[{"href":"https:\/\/old.atletikaolomouc.cz\/index.php?rest_route=%2Fwp%2Fv2%2Fmedia&parent=6702"}],"wp:term":[{"taxonomy":"category","embeddable":true,"href":"https:\/\/old.atletikaolomouc.cz\/index.php?rest_route=%2Fwp%2Fv2%2Fcategories&post=6702"},{"taxonomy":"post_tag","embeddable":true,"href":"https:\/\/old.atletikaolomouc.cz\/index.php?rest_route=%2Fwp%2Fv2%2Ftags&post=6702"}],"curies":[{"name":"wp","href":"https:\/\/api.w.org\/{rel}","templated":true}]}}