{"id":6939,"date":"2017-03-28T14:14:26","date_gmt":"2017-03-28T12:14:26","guid":{"rendered":"http:\/\/www.atletikaolomouc.cz\/?p=6939"},"modified":"2017-03-29T09:19:01","modified_gmt":"2017-03-29T07:19:01","slug":"atleticka-sportovni-trida-na-zs-heyrovskeho","status":"publish","type":"post","link":"https:\/\/old.atletikaolomouc.cz\/?p=6939","title":{"rendered":"Atletick\u00e1 sportovn\u00ed t\u0159\u00edda na Z\u0160 Heyrovsk\u00e9ho"},"content":{"rendered":"<p><strong>V\u00e1\u017een\u00ed rodi\u010de \u017e\u00e1k\u016f sou\u010dasn\u00fdch p\u00e1t\u00fdch t\u0159\u00edd nejenom z na\u0161ich atletick\u00fdch p\u0159\u00edpravek!<\/strong><\/p>\n<p>M\u00e1te talentovan\u00e9 d\u00edt\u011b, kter\u00e9 chce sportovat? Chcete jeho talent rozv\u00edjet v\u00a0ide\u00e1ln\u00edch podm\u00ednk\u00e1ch? Atletick\u00fd klub Olomouc ve spolupr\u00e1ci se Z\u00e1kladn\u00ed \u0161kolou Heyrovsk\u00e9ho otev\u00edr\u00e1 ve \u0161koln\u00edm roce 2017 \u2013 2018 sportovn\u00ed t\u0159\u00eddu se zam\u011b\u0159en\u00edm na atletiku.<!--more--><\/p>\n<p>V\u00edce informac\u00ed naleznete v p\u0159ilo\u017een\u00e9m dokumentu &#8211; <a href=\"http:\/\/www.atletikaolomouc.cz\/wp-content\/uploads\/2017\/03\/Talentove_zkousky_2017.doc\" target=\"_blank\">MS Word<\/a> &#8211; <a href=\"http:\/\/www.atletikaolomouc.cz\/wp-content\/uploads\/2017\/03\/Talentove_zkousky_2017.pdf\" target=\"_blank\">PDF<\/a>.<\/p>\n<p>Webov\u00e9 str\u00e1nky \u0161koly:\u00a0<a title=\"Z\u0160 Heyrovsk\u00e9ho\" href=\"http:\/\/www.zsheyrovskeho.cz\" target=\"_blank\">http:\/\/www.zsheyrovskeho.cz<\/a><\/p>\n<p style=\"text-align: justify;\">Pokud budete m\u00edt z\u00e1jem o za\u0159azen\u00ed Va\u0161eho d\u00edt\u011bte do sportovn\u00ed t\u0159\u00eddy, informujte se u u\u010ditel\u016f sportovn\u00edch t\u0159\u00edd (Libor Kalas &#8211; 731\u00a0138 405, Jana Trne\u010dkov\u00e1 \u2013 605\u00a0920 332) nebo na atletick\u00e9m stadionu (David Uhl\u00ed\u0159 \u2013 737\u00a0572 927).\u00a0<\/p>\n","protected":false},"excerpt":{"rendered":"<p>V\u00e1\u017een\u00ed rodi\u010de \u017e\u00e1k\u016f sou\u010dasn\u00fdch p\u00e1t\u00fdch t\u0159\u00edd nejenom z na\u0161ich atletick\u00fdch p\u0159\u00edpravek! M\u00e1te talentovan\u00e9 d\u00edt\u011b, kter\u00e9 chce sportovat? Chcete jeho talent rozv\u00edjet v\u00a0ide\u00e1ln\u00edch podm\u00ednk\u00e1ch? Atletick\u00fd klub Olomouc ve spolupr\u00e1ci se Z\u00e1kladn\u00ed \u0161kolou Heyrovsk\u00e9ho otev\u00edr\u00e1 ve \u0161koln\u00edm roce 2017 \u2013 2018 sportovn\u00ed &hellip; <a href=\"https:\/\/old.atletikaolomouc.cz\/?p=6939\">Continue reading <span class=\"meta-nav\">&rarr;<\/span><\/a><\/p>\n","protected":false},"author":10,"featured_media":6940,"comment_status":"closed","ping_status":"closed","sticky":false,"template":"","format":"standard","meta":{"ngg_post_thumbnail":0},"categories":[5,6,37,25,19],"tags":[],"_links":{"self":[{"href":"https:\/\/old.atletikaolomouc.cz\/index.php?rest_route=\/wp\/v2\/posts\/6939"}],"collection":[{"href":"https:\/\/old.atletikaolomouc.cz\/index.php?rest_route=\/wp\/v2\/posts"}],"about":[{"href":"https:\/\/old.atletikaolomouc.cz\/index.php?rest_route=\/wp\/v2\/types\/post"}],"author":[{"embeddable":true,"href":"https:\/\/old.atletikaolomouc.cz\/index.php?rest_route=\/wp\/v2\/users\/10"}],"replies":[{"embeddable":true,"href":"https:\/\/old.atletikaolomouc.cz\/index.php?rest_route=%2Fwp%2Fv2%2Fcomments&post=6939"}],"version-history":[{"count":11,"href":"https:\/\/old.atletikaolomouc.cz\/index.php?rest_route=\/wp\/v2\/posts\/6939\/revisions"}],"predecessor-version":[{"id":8583,"href":"https:\/\/old.atletikaolomouc.cz\/index.php?rest_route=\/wp\/v2\/posts\/6939\/revisions\/8583"}],"wp:featuredmedia":[{"embeddable":true,"href":"https:\/\/old.atletikaolomouc.cz\/index.php?rest_route=\/wp\/v2\/media\/6940"}],"wp:attachment":[{"href":"https:\/\/old.atletikaolomouc.cz\/index.php?rest_route=%2Fwp%2Fv2%2Fmedia&parent=6939"}],"wp:term":[{"taxonomy":"category","embeddable":true,"href":"https:\/\/old.atletikaolomouc.cz\/index.php?rest_route=%2Fwp%2Fv2%2Fcategories&post=6939"},{"taxonomy":"post_tag","embeddable":true,"href":"https:\/\/old.atletikaolomouc.cz\/index.php?rest_route=%2Fwp%2Fv2%2Ftags&post=6939"}],"curies":[{"name":"wp","href":"https:\/\/api.w.org\/{rel}","templated":true}]}}