{"id":6998,"date":"2016-02-19T11:35:11","date_gmt":"2016-02-19T10:35:11","guid":{"rendered":"http:\/\/www.atletikaolomouc.cz\/?p=6998"},"modified":"2016-02-19T11:35:11","modified_gmt":"2016-02-19T10:35:11","slug":"letni-tabory","status":"publish","type":"post","link":"https:\/\/old.atletikaolomouc.cz\/?p=6998","title":{"rendered":"Letn\u00ed t\u00e1bory"},"content":{"rendered":"<p>Je mo\u017en\u00e9 se ji\u017e p\u0159ihla\u0161ovat na letn\u00ed pr\u00e1zdninov\u00e9 t\u00e1bory! T\u00e1bory jsou ur\u010deny nejenom d\u011btem z na\u0161ich atletick\u00fdch p\u0159\u00edpravek, vezm\u011bte s sebou i ostatn\u00ed kamar\u00e1dy&#8230;<!--more--><\/p>\n<p>T\u00e1bor v T\u0159eme\u0161ku &#8211; 30. 7. &#8211; 6. 8. 2016 p\u0159ihl\u00e1\u0161ka a informace zde:\u00a0<a title=\"T\u0159eme\u0161ek\" href=\"http:\/\/www.atletikaolomouc.cz\/?page_id=2064\" target=\"_blank\">http:\/\/www.atletikaolomouc.cz\/?page_id=2064<\/a><\/p>\n<p>P\u0159\u00edm\u011bstsk\u00fd t\u00e1bor na atletick\u00e9m stadionu &#8211; 11. 7. &#8211; 15. 7. 2016 p\u0159ihl\u00e1\u0161ka a informace zde:\u00a0<a title=\"P\u0159\u00edme\u0161\u0165\u00e1k\" href=\"http:\/\/www.atletikaolomouc.cz\/?page_id=5564\" target=\"_blank\">http:\/\/www.atletikaolomouc.cz\/?page_id=5564<\/a><\/p>\n<p>T\u011b\u0161\u00edme se na V\u00e1s<\/p>\n","protected":false},"excerpt":{"rendered":"<p>Je mo\u017en\u00e9 se ji\u017e p\u0159ihla\u0161ovat na letn\u00ed pr\u00e1zdninov\u00e9 t\u00e1bory! T\u00e1bory jsou ur\u010deny nejenom d\u011btem z na\u0161ich atletick\u00fdch p\u0159\u00edpravek, vezm\u011bte s sebou i ostatn\u00ed kamar\u00e1dy&#8230;<\/p>\n","protected":false},"author":10,"featured_media":6833,"comment_status":"closed","ping_status":"closed","sticky":false,"template":"","format":"standard","meta":{"ngg_post_thumbnail":0},"categories":[5,6,25,19],"tags":[],"_links":{"self":[{"href":"https:\/\/old.atletikaolomouc.cz\/index.php?rest_route=\/wp\/v2\/posts\/6998"}],"collection":[{"href":"https:\/\/old.atletikaolomouc.cz\/index.php?rest_route=\/wp\/v2\/posts"}],"about":[{"href":"https:\/\/old.atletikaolomouc.cz\/index.php?rest_route=\/wp\/v2\/types\/post"}],"author":[{"embeddable":true,"href":"https:\/\/old.atletikaolomouc.cz\/index.php?rest_route=\/wp\/v2\/users\/10"}],"replies":[{"embeddable":true,"href":"https:\/\/old.atletikaolomouc.cz\/index.php?rest_route=%2Fwp%2Fv2%2Fcomments&post=6998"}],"version-history":[{"count":4,"href":"https:\/\/old.atletikaolomouc.cz\/index.php?rest_route=\/wp\/v2\/posts\/6998\/revisions"}],"predecessor-version":[{"id":7003,"href":"https:\/\/old.atletikaolomouc.cz\/index.php?rest_route=\/wp\/v2\/posts\/6998\/revisions\/7003"}],"wp:featuredmedia":[{"embeddable":true,"href":"https:\/\/old.atletikaolomouc.cz\/index.php?rest_route=\/wp\/v2\/media\/6833"}],"wp:attachment":[{"href":"https:\/\/old.atletikaolomouc.cz\/index.php?rest_route=%2Fwp%2Fv2%2Fmedia&parent=6998"}],"wp:term":[{"taxonomy":"category","embeddable":true,"href":"https:\/\/old.atletikaolomouc.cz\/index.php?rest_route=%2Fwp%2Fv2%2Fcategories&post=6998"},{"taxonomy":"post_tag","embeddable":true,"href":"https:\/\/old.atletikaolomouc.cz\/index.php?rest_route=%2Fwp%2Fv2%2Ftags&post=6998"}],"curies":[{"name":"wp","href":"https:\/\/api.w.org\/{rel}","templated":true}]}}