{"id":7223,"date":"2016-03-17T09:09:15","date_gmt":"2016-03-17T08:09:15","guid":{"rendered":"http:\/\/www.atletikaolomouc.cz\/?p=7223"},"modified":"2016-03-17T09:17:17","modified_gmt":"2016-03-17T08:17:17","slug":"velikonocni-prazdniny-6","status":"publish","type":"post","link":"https:\/\/old.atletikaolomouc.cz\/?p=7223","title":{"rendered":"Velikono\u010dn\u00ed pr\u00e1zdniny"},"content":{"rendered":"<p>P\u0159ipom\u00edn\u00e1me, \u017ee v dob\u011b \u0161koln\u00edch pr\u00e1zdnin a st\u00e1tn\u00edch sv\u00e1tk\u016f se tr\u00e9ninky atletick\u00fdch p\u0159\u00edpravek nekonaj\u00ed. Aktu\u00e1ln\u011b tedy nebudou tr\u00e9ninky o Velikono\u010dn\u00edch pr\u00e1zdnin\u00e1ch od \u010dtvrtku 24.03. do pond\u011bl\u00ed 28.03. v\u010detn\u011b. U\u017eijte si Velikonoce!<!--more--><\/p>\n","protected":false},"excerpt":{"rendered":"<p>P\u0159ipom\u00edn\u00e1me, \u017ee v dob\u011b \u0161koln\u00edch pr\u00e1zdnin a st\u00e1tn\u00edch sv\u00e1tk\u016f se tr\u00e9ninky atletick\u00fdch p\u0159\u00edpravek nekonaj\u00ed. Aktu\u00e1ln\u011b tedy nebudou tr\u00e9ninky o Velikono\u010dn\u00edch pr\u00e1zdnin\u00e1ch od \u010dtvrtku 24.03. do pond\u011bl\u00ed 28.03. v\u010detn\u011b. U\u017eijte si Velikonoce!<\/p>\n","protected":false},"author":10,"featured_media":7225,"comment_status":"closed","ping_status":"closed","sticky":false,"template":"","format":"standard","meta":{"ngg_post_thumbnail":0},"categories":[5,6,37,25,19],"tags":[],"_links":{"self":[{"href":"https:\/\/old.atletikaolomouc.cz\/index.php?rest_route=\/wp\/v2\/posts\/7223"}],"collection":[{"href":"https:\/\/old.atletikaolomouc.cz\/index.php?rest_route=\/wp\/v2\/posts"}],"about":[{"href":"https:\/\/old.atletikaolomouc.cz\/index.php?rest_route=\/wp\/v2\/types\/post"}],"author":[{"embeddable":true,"href":"https:\/\/old.atletikaolomouc.cz\/index.php?rest_route=\/wp\/v2\/users\/10"}],"replies":[{"embeddable":true,"href":"https:\/\/old.atletikaolomouc.cz\/index.php?rest_route=%2Fwp%2Fv2%2Fcomments&post=7223"}],"version-history":[{"count":4,"href":"https:\/\/old.atletikaolomouc.cz\/index.php?rest_route=\/wp\/v2\/posts\/7223\/revisions"}],"predecessor-version":[{"id":7228,"href":"https:\/\/old.atletikaolomouc.cz\/index.php?rest_route=\/wp\/v2\/posts\/7223\/revisions\/7228"}],"wp:featuredmedia":[{"embeddable":true,"href":"https:\/\/old.atletikaolomouc.cz\/index.php?rest_route=\/wp\/v2\/media\/7225"}],"wp:attachment":[{"href":"https:\/\/old.atletikaolomouc.cz\/index.php?rest_route=%2Fwp%2Fv2%2Fmedia&parent=7223"}],"wp:term":[{"taxonomy":"category","embeddable":true,"href":"https:\/\/old.atletikaolomouc.cz\/index.php?rest_route=%2Fwp%2Fv2%2Fcategories&post=7223"},{"taxonomy":"post_tag","embeddable":true,"href":"https:\/\/old.atletikaolomouc.cz\/index.php?rest_route=%2Fwp%2Fv2%2Ftags&post=7223"}],"curies":[{"name":"wp","href":"https:\/\/api.w.org\/{rel}","templated":true}]}}