{"id":7260,"date":"2015-05-10T11:01:00","date_gmt":"2015-05-10T09:01:00","guid":{"rendered":"http:\/\/www.atletikaolomouc.cz\/?p=7260"},"modified":"2016-05-02T09:00:43","modified_gmt":"2016-05-02T07:00:43","slug":"kb-cp-pardubice","status":"publish","type":"post","link":"https:\/\/old.atletikaolomouc.cz\/?p=7260","title":{"rendered":"KB \u010cP PARDUBICE"},"content":{"rendered":"<p><img decoding=\"async\" loading=\"lazy\" class=\"alignleft  wp-image-7261\" title=\"KB \u010cP Pardubice\" src=\"http:\/\/www.atletikaolomouc.cz\/wp-content\/uploads\/2016\/03\/IMG_0531-kopie-300x200.jpg\" alt=\"\" width=\"180\" height=\"120\" srcset=\"https:\/\/old.atletikaolomouc.cz\/wp-content\/uploads\/2016\/03\/IMG_0531-kopie-300x200.jpg 300w, https:\/\/old.atletikaolomouc.cz\/wp-content\/uploads\/2016\/03\/IMG_0531-kopie-800x533.jpg 800w, https:\/\/old.atletikaolomouc.cz\/wp-content\/uploads\/2016\/03\/IMG_0531-kopie-385x258.jpg 385w, https:\/\/old.atletikaolomouc.cz\/wp-content\/uploads\/2016\/03\/IMG_0531-kopie-325x215.jpg 325w\" sizes=\"(max-width: 180px) 100vw, 180px\" \/><\/p>\n<p>&nbsp;<\/p>\n<p>Dne 8.5.2015 prob\u011bhlo dal\u0161\u00ed kolo KB \u010cesk\u00e9ho poh\u00e1ru v Pardubic\u00edch.<!--more--><\/p>\n<div class=\"g-post\" data-href=\"https:\/\/plus.google.com\/117085974800071965192\/posts\/JdLGHwwCZqB\"><\/div>\n","protected":false},"excerpt":{"rendered":"<p>&nbsp; Dne 8.5.2015 prob\u011bhlo dal\u0161\u00ed kolo KB \u010cesk\u00e9ho poh\u00e1ru v Pardubic\u00edch.<\/p>\n","protected":false},"author":11,"featured_media":0,"comment_status":"closed","ping_status":"closed","sticky":false,"template":"","format":"gallery","meta":{"ngg_post_thumbnail":0},"categories":[54,55],"tags":[],"_links":{"self":[{"href":"https:\/\/old.atletikaolomouc.cz\/index.php?rest_route=\/wp\/v2\/posts\/7260"}],"collection":[{"href":"https:\/\/old.atletikaolomouc.cz\/index.php?rest_route=\/wp\/v2\/posts"}],"about":[{"href":"https:\/\/old.atletikaolomouc.cz\/index.php?rest_route=\/wp\/v2\/types\/post"}],"author":[{"embeddable":true,"href":"https:\/\/old.atletikaolomouc.cz\/index.php?rest_route=\/wp\/v2\/users\/11"}],"replies":[{"embeddable":true,"href":"https:\/\/old.atletikaolomouc.cz\/index.php?rest_route=%2Fwp%2Fv2%2Fcomments&post=7260"}],"version-history":[{"count":9,"href":"https:\/\/old.atletikaolomouc.cz\/index.php?rest_route=\/wp\/v2\/posts\/7260\/revisions"}],"predecessor-version":[{"id":7428,"href":"https:\/\/old.atletikaolomouc.cz\/index.php?rest_route=\/wp\/v2\/posts\/7260\/revisions\/7428"}],"wp:attachment":[{"href":"https:\/\/old.atletikaolomouc.cz\/index.php?rest_route=%2Fwp%2Fv2%2Fmedia&parent=7260"}],"wp:term":[{"taxonomy":"category","embeddable":true,"href":"https:\/\/old.atletikaolomouc.cz\/index.php?rest_route=%2Fwp%2Fv2%2Fcategories&post=7260"},{"taxonomy":"post_tag","embeddable":true,"href":"https:\/\/old.atletikaolomouc.cz\/index.php?rest_route=%2Fwp%2Fv2%2Ftags&post=7260"}],"curies":[{"name":"wp","href":"https:\/\/api.w.org\/{rel}","templated":true}]}}