{"id":7299,"date":"2015-05-08T11:58:27","date_gmt":"2015-05-08T09:58:27","guid":{"rendered":"http:\/\/www.atletikaolomouc.cz\/?p=7299"},"modified":"2016-05-02T09:02:36","modified_gmt":"2016-05-02T07:02:36","slug":"soustredeni-novacku-nymburk","status":"publish","type":"post","link":"https:\/\/old.atletikaolomouc.cz\/?p=7299","title":{"rendered":"Soust\u0159ed\u011bn\u00ed &#8222;nov\u00e1\u010dk\u016f&#8220; Nymburk"},"content":{"rendered":"<p><img decoding=\"async\" loading=\"lazy\" class=\"alignleft  wp-image-7300\" title=\"soust\u0159ed\u011bn\u00ed nov\u00e1\u010dk\u016f\" src=\"http:\/\/www.atletikaolomouc.cz\/wp-content\/uploads\/2016\/03\/soust\u0159ed\u011bn\u00ed-nov\u00e1\u010dk\u016f1-300x200.jpg\" alt=\"\" width=\"180\" height=\"120\" srcset=\"https:\/\/old.atletikaolomouc.cz\/wp-content\/uploads\/2016\/03\/soust\u0159ed\u011bn\u00ed-nov\u00e1\u010dk\u016f1-300x200.jpg 300w, https:\/\/old.atletikaolomouc.cz\/wp-content\/uploads\/2016\/03\/soust\u0159ed\u011bn\u00ed-nov\u00e1\u010dk\u016f1-800x533.jpg 800w, https:\/\/old.atletikaolomouc.cz\/wp-content\/uploads\/2016\/03\/soust\u0159ed\u011bn\u00ed-nov\u00e1\u010dk\u016f1-385x258.jpg 385w, https:\/\/old.atletikaolomouc.cz\/wp-content\/uploads\/2016\/03\/soust\u0159ed\u011bn\u00ed-nov\u00e1\u010dk\u016f1-325x215.jpg 325w\" sizes=\"(max-width: 180px) 100vw, 180px\" \/><\/p>\n<p>&nbsp;<\/p>\n<p>Ve dnech 4. &#8211; 8.5. 2015 prob\u011bhlo tradi\u010dn\u00ed soust\u0159ed\u011bn\u00ed &#8222;NOV\u00c1\u010cK\u016e&#8220; ve sportovn\u00edm centrumu Nymburk.<!--more--><\/p>\n<div class=\"g-post\" data-href=https:\/\/plus.google.com\/117085974800071965192\/posts\/7P2YCy4Yb4p><\/div>\n","protected":false},"excerpt":{"rendered":"<p>&nbsp; Ve dnech 4. &#8211; 8.5. 2015 prob\u011bhlo tradi\u010dn\u00ed soust\u0159ed\u011bn\u00ed &#8222;NOV\u00c1\u010cK\u016e&#8220; ve sportovn\u00edm centrumu Nymburk.<\/p>\n","protected":false},"author":11,"featured_media":0,"comment_status":"closed","ping_status":"closed","sticky":false,"template":"","format":"standard","meta":{"ngg_post_thumbnail":0},"categories":[54,55],"tags":[],"_links":{"self":[{"href":"https:\/\/old.atletikaolomouc.cz\/index.php?rest_route=\/wp\/v2\/posts\/7299"}],"collection":[{"href":"https:\/\/old.atletikaolomouc.cz\/index.php?rest_route=\/wp\/v2\/posts"}],"about":[{"href":"https:\/\/old.atletikaolomouc.cz\/index.php?rest_route=\/wp\/v2\/types\/post"}],"author":[{"embeddable":true,"href":"https:\/\/old.atletikaolomouc.cz\/index.php?rest_route=\/wp\/v2\/users\/11"}],"replies":[{"embeddable":true,"href":"https:\/\/old.atletikaolomouc.cz\/index.php?rest_route=%2Fwp%2Fv2%2Fcomments&post=7299"}],"version-history":[{"count":5,"href":"https:\/\/old.atletikaolomouc.cz\/index.php?rest_route=\/wp\/v2\/posts\/7299\/revisions"}],"predecessor-version":[{"id":7429,"href":"https:\/\/old.atletikaolomouc.cz\/index.php?rest_route=\/wp\/v2\/posts\/7299\/revisions\/7429"}],"wp:attachment":[{"href":"https:\/\/old.atletikaolomouc.cz\/index.php?rest_route=%2Fwp%2Fv2%2Fmedia&parent=7299"}],"wp:term":[{"taxonomy":"category","embeddable":true,"href":"https:\/\/old.atletikaolomouc.cz\/index.php?rest_route=%2Fwp%2Fv2%2Fcategories&post=7299"},{"taxonomy":"post_tag","embeddable":true,"href":"https:\/\/old.atletikaolomouc.cz\/index.php?rest_route=%2Fwp%2Fv2%2Ftags&post=7299"}],"curies":[{"name":"wp","href":"https:\/\/api.w.org\/{rel}","templated":true}]}}