{"id":7311,"date":"2016-03-30T13:53:03","date_gmt":"2016-03-30T11:53:03","guid":{"rendered":"http:\/\/www.atletikaolomouc.cz\/?p=7311"},"modified":"2016-03-30T13:53:03","modified_gmt":"2016-03-30T11:53:03","slug":"atleticke-pripravky-prechod-z-telocvicen-2","status":"publish","type":"post","link":"https:\/\/old.atletikaolomouc.cz\/?p=7311","title":{"rendered":"Atletick\u00e9 p\u0159\u00edpravky &#8211; p\u0159echod z t\u011blocvi\u010den"},"content":{"rendered":"<p>P\u0159ipom\u00edn\u00e1me, \u017ee od 4. 4. 2016 se p\u0159esouvaj\u00ed tr\u00e9ninky atletick\u00fdch p\u0159\u00edpravek na venkovn\u00ed h\u0159i\u0161t\u011b. M\u00edsta a \u010dasy tr\u00e9nink\u016f jsou stejn\u00e9 jako na podzim. Rozpis tr\u00e9nink\u016f naleznete <a href=\"http:\/\/www.atletikaolomouc.cz\/?page_id=929\">zde.<\/a>\u00a0&#8220; Nen\u00ed \u0161patn\u00e9 po\u010das\u00ed, je jen \u0161patn\u00e9 oble\u010den\u00ed.&#8220; Proto doporu\u010duji zejm\u00e9na ze za\u010d\u00e1tku jara tepl\u00e9 oble\u010den\u00ed nepodcenit&#8230;<!--more--><\/p>\n","protected":false},"excerpt":{"rendered":"<p>P\u0159ipom\u00edn\u00e1me, \u017ee od 4. 4. 2016 se p\u0159esouvaj\u00ed tr\u00e9ninky atletick\u00fdch p\u0159\u00edpravek na venkovn\u00ed h\u0159i\u0161t\u011b. M\u00edsta a \u010dasy tr\u00e9nink\u016f jsou stejn\u00e9 jako na podzim. Rozpis tr\u00e9nink\u016f naleznete zde.\u00a0&#8220; Nen\u00ed \u0161patn\u00e9 po\u010das\u00ed, je jen \u0161patn\u00e9 oble\u010den\u00ed.&#8220; Proto doporu\u010duji zejm\u00e9na ze za\u010d\u00e1tku jara &hellip; <a href=\"https:\/\/old.atletikaolomouc.cz\/?p=7311\">Continue reading <span class=\"meta-nav\">&rarr;<\/span><\/a><\/p>\n","protected":false},"author":10,"featured_media":7312,"comment_status":"closed","ping_status":"closed","sticky":false,"template":"","format":"standard","meta":{"ngg_post_thumbnail":0},"categories":[5,6,25,19],"tags":[],"_links":{"self":[{"href":"https:\/\/old.atletikaolomouc.cz\/index.php?rest_route=\/wp\/v2\/posts\/7311"}],"collection":[{"href":"https:\/\/old.atletikaolomouc.cz\/index.php?rest_route=\/wp\/v2\/posts"}],"about":[{"href":"https:\/\/old.atletikaolomouc.cz\/index.php?rest_route=\/wp\/v2\/types\/post"}],"author":[{"embeddable":true,"href":"https:\/\/old.atletikaolomouc.cz\/index.php?rest_route=\/wp\/v2\/users\/10"}],"replies":[{"embeddable":true,"href":"https:\/\/old.atletikaolomouc.cz\/index.php?rest_route=%2Fwp%2Fv2%2Fcomments&post=7311"}],"version-history":[{"count":2,"href":"https:\/\/old.atletikaolomouc.cz\/index.php?rest_route=\/wp\/v2\/posts\/7311\/revisions"}],"predecessor-version":[{"id":7314,"href":"https:\/\/old.atletikaolomouc.cz\/index.php?rest_route=\/wp\/v2\/posts\/7311\/revisions\/7314"}],"wp:featuredmedia":[{"embeddable":true,"href":"https:\/\/old.atletikaolomouc.cz\/index.php?rest_route=\/wp\/v2\/media\/7312"}],"wp:attachment":[{"href":"https:\/\/old.atletikaolomouc.cz\/index.php?rest_route=%2Fwp%2Fv2%2Fmedia&parent=7311"}],"wp:term":[{"taxonomy":"category","embeddable":true,"href":"https:\/\/old.atletikaolomouc.cz\/index.php?rest_route=%2Fwp%2Fv2%2Fcategories&post=7311"},{"taxonomy":"post_tag","embeddable":true,"href":"https:\/\/old.atletikaolomouc.cz\/index.php?rest_route=%2Fwp%2Fv2%2Ftags&post=7311"}],"curies":[{"name":"wp","href":"https:\/\/api.w.org\/{rel}","templated":true}]}}