{"id":7412,"date":"2016-04-26T08:58:02","date_gmt":"2016-04-26T06:58:02","guid":{"rendered":"http:\/\/www.atletikaolomouc.cz\/?p=7412"},"modified":"2016-04-26T08:58:02","modified_gmt":"2016-04-26T06:58:02","slug":"hazeni-pod-peti-kruhy","status":"publish","type":"post","link":"https:\/\/old.atletikaolomouc.cz\/?p=7412","title":{"rendered":"H\u00e1zen\u00ed pod p\u011bti kruhy"},"content":{"rendered":"<p style=\"text-align: justify;\">\u010c\u00e1st na\u0161ich atletick\u00fdch p\u0159\u00edpravek se v pr\u016fb\u011bhu m\u011bs\u00edce dubna z\u00fa\u010dastnila koresponden\u010dn\u00ed sout\u011b\u017ee pod hlavi\u010dkou \u010cAS a projektu Atletika pro d\u011bti.<!--more--> Leto\u0161n\u00ed sout\u011b\u017e m\u011bla n\u00e1zev H\u00e1zen\u00ed pod p\u011bti kruhy a patronkou cel\u00e9 sout\u011b\u017ee nebyl nikdo jin\u00fd ne\u017e olympijsk\u00e1 v\u00edt\u011bzka a sv\u011btov\u00e1 rekordmanka v hodu o\u0161t\u011bpem Barbora \u0160pot\u00e1kov\u00e1. Sout\u011b\u017e spo\u010d\u00edvala v absolvov\u00e1n\u00ed p\u011bti vrha\u010dsk\u00fdch discipl\u00edn r\u016fzn\u00fdm n\u00e1\u010din\u00edm, ka\u017ed\u00e1 discipl\u00edna nesla n\u00e1zev podle jednoho z kontinent\u016f. D\u011bti nap\u0159\u00edklad absolvovaly Americk\u00e9 h\u00e1zen\u00ed &#8211; hod basketbalov\u00fdm m\u00ed\u010dem p\u0159es hlavu, nebo Africk\u00e9 h\u00e1zen\u00ed &#8211; sou\u010det hod\u016f pravou a levou rukou p\u011bnov\u00fdm turboo\u0161t\u011bpem. Mus\u00edm \u0159\u00edct, \u017ee samotn\u00e9 h\u00e1zen\u00ed si u\u017eily nejenom d\u011bti ale i my tren\u00e9\u0159i. D\u011bkujeme t\u00edmto za mo\u017enost se t\u00e9to sout\u011b\u017ee z\u00fa\u010dastnit a t\u011b\u0161\u00edme se na dal\u0161\u00ed ro\u010dn\u00edk.<\/p>\n","protected":false},"excerpt":{"rendered":"<p>\u010c\u00e1st na\u0161ich atletick\u00fdch p\u0159\u00edpravek se v pr\u016fb\u011bhu m\u011bs\u00edce dubna z\u00fa\u010dastnila koresponden\u010dn\u00ed sout\u011b\u017ee pod hlavi\u010dkou \u010cAS a projektu Atletika pro d\u011bti.<\/p>\n","protected":false},"author":10,"featured_media":7413,"comment_status":"closed","ping_status":"closed","sticky":false,"template":"","format":"standard","meta":{"ngg_post_thumbnail":0},"categories":[5,6,25,19],"tags":[],"_links":{"self":[{"href":"https:\/\/old.atletikaolomouc.cz\/index.php?rest_route=\/wp\/v2\/posts\/7412"}],"collection":[{"href":"https:\/\/old.atletikaolomouc.cz\/index.php?rest_route=\/wp\/v2\/posts"}],"about":[{"href":"https:\/\/old.atletikaolomouc.cz\/index.php?rest_route=\/wp\/v2\/types\/post"}],"author":[{"embeddable":true,"href":"https:\/\/old.atletikaolomouc.cz\/index.php?rest_route=\/wp\/v2\/users\/10"}],"replies":[{"embeddable":true,"href":"https:\/\/old.atletikaolomouc.cz\/index.php?rest_route=%2Fwp%2Fv2%2Fcomments&post=7412"}],"version-history":[{"count":2,"href":"https:\/\/old.atletikaolomouc.cz\/index.php?rest_route=\/wp\/v2\/posts\/7412\/revisions"}],"predecessor-version":[{"id":7415,"href":"https:\/\/old.atletikaolomouc.cz\/index.php?rest_route=\/wp\/v2\/posts\/7412\/revisions\/7415"}],"wp:featuredmedia":[{"embeddable":true,"href":"https:\/\/old.atletikaolomouc.cz\/index.php?rest_route=\/wp\/v2\/media\/7413"}],"wp:attachment":[{"href":"https:\/\/old.atletikaolomouc.cz\/index.php?rest_route=%2Fwp%2Fv2%2Fmedia&parent=7412"}],"wp:term":[{"taxonomy":"category","embeddable":true,"href":"https:\/\/old.atletikaolomouc.cz\/index.php?rest_route=%2Fwp%2Fv2%2Fcategories&post=7412"},{"taxonomy":"post_tag","embeddable":true,"href":"https:\/\/old.atletikaolomouc.cz\/index.php?rest_route=%2Fwp%2Fv2%2Ftags&post=7412"}],"curies":[{"name":"wp","href":"https:\/\/api.w.org\/{rel}","templated":true}]}}