{"id":7597,"date":"2016-05-19T11:13:16","date_gmt":"2016-05-19T09:13:16","guid":{"rendered":"http:\/\/www.atletikaolomouc.cz\/?p=7597"},"modified":"2016-05-19T11:17:03","modified_gmt":"2016-05-19T09:17:03","slug":"uspesny-vstup-starsiho-zactva-do-souteze-druzstev","status":"publish","type":"post","link":"https:\/\/old.atletikaolomouc.cz\/?p=7597","title":{"rendered":"\u00dasp\u011b\u0161n\u00fd vstup star\u0161\u00edho \u017eactva do sout\u011b\u017ee dru\u017estev"},"content":{"rendered":"<p style=\"text-align: justify;\">Dne 18. 5. se konalo 1. kolo krajsk\u00e9ho p\u0159eboru dru\u017estev star\u0161\u00edch \u017e\u00e1k\u016f a \u017e\u00e1ky\u0148 v \u0160umperku.<!--more-->Ob\u011b na\u0161e dru\u017estva vstoupila do sout\u011b\u017ee v\u00fdte\u010dn\u011b a v prvn\u00edm kole zv\u00edt\u011bzila. P\u0159\u00ed\u0161t\u00ed kolo se kon\u00e1 30. 5. na dom\u00e1c\u00edm stadionu v Olomouci. V\u011b\u0159\u00edme, \u017ee nastoup\u00edme op\u011bt v siln\u00e9 sestav\u011b a popereme se zase o prvn\u00ed p\u0159\u00ed\u010dky.\u00a0<\/p>\n<p>Zpravodaj dru\u017estva \u017e\u00e1ky\u0148 <a title=\"Zpravodaj dru\u017estva star\u0161\u00edch \u017e\u00e1ky\u0148 2016 po 1. kole\" href=\"http:\/\/www.atletikaolomouc.cz\/wp-content\/uploads\/2016\/05\/Zpravodaj-po-1.-kole.pdf\" target=\"_blank\">zde.<\/a><\/p>\n<p>Bodov\u00e1n\u00ed \u017e\u00e1ky\u0148 <a title=\"Bodov\u00e1n\u00ed star\u0161\u00edch \u017e\u00e1ky\u0148 2016\" href=\"http:\/\/www.atletikaolomouc.cz\/wp-content\/uploads\/2016\/05\/Bodov\u00e1n\u00ed-jednotlivc\u016f-KP-dru\u017etev-star\u0161\u00ed-\u017e\u00e1kyn\u011b.pdf\" target=\"_blank\">zde.<\/a><\/p>\n<p>Zpravodaj dru\u017estva \u017e\u00e1k\u016f v\u010detn\u011b bodov\u00e1n\u00ed <a title=\"Zpravodaj dru\u017estva star\u0161\u00edch \u017e\u00e1k\u016f 2016 po 1. kole\" href=\"http:\/\/www.atletikaolomouc.cz\/wp-content\/uploads\/2016\/05\/zpravodaj-st-zaku-po-1-kole.pdf\" target=\"_blank\">zde.<\/a><\/p>\n<p>&nbsp;<\/p>\n<p>V\u0161em \u017e\u00e1k\u016fm a \u017e\u00e1kyn\u00edm gratulujeme a d\u011bkujeme za vzornou reprezentaci AK Olomouc.<\/p>\n<p>Vedouc\u00ed dru\u017estev Robert Novotn\u00fd a David Uhl\u00ed\u0159.<\/p>\n","protected":false},"excerpt":{"rendered":"<p>Dne 18. 5. se konalo 1. kolo krajsk\u00e9ho p\u0159eboru dru\u017estev star\u0161\u00edch \u017e\u00e1k\u016f a \u017e\u00e1ky\u0148 v \u0160umperku.<\/p>\n","protected":false},"author":10,"featured_media":7604,"comment_status":"closed","ping_status":"closed","sticky":false,"template":"","format":"standard","meta":{"ngg_post_thumbnail":0},"categories":[5,6,37,25],"tags":[],"_links":{"self":[{"href":"https:\/\/old.atletikaolomouc.cz\/index.php?rest_route=\/wp\/v2\/posts\/7597"}],"collection":[{"href":"https:\/\/old.atletikaolomouc.cz\/index.php?rest_route=\/wp\/v2\/posts"}],"about":[{"href":"https:\/\/old.atletikaolomouc.cz\/index.php?rest_route=\/wp\/v2\/types\/post"}],"author":[{"embeddable":true,"href":"https:\/\/old.atletikaolomouc.cz\/index.php?rest_route=\/wp\/v2\/users\/10"}],"replies":[{"embeddable":true,"href":"https:\/\/old.atletikaolomouc.cz\/index.php?rest_route=%2Fwp%2Fv2%2Fcomments&post=7597"}],"version-history":[{"count":4,"href":"https:\/\/old.atletikaolomouc.cz\/index.php?rest_route=\/wp\/v2\/posts\/7597\/revisions"}],"predecessor-version":[{"id":7606,"href":"https:\/\/old.atletikaolomouc.cz\/index.php?rest_route=\/wp\/v2\/posts\/7597\/revisions\/7606"}],"wp:featuredmedia":[{"embeddable":true,"href":"https:\/\/old.atletikaolomouc.cz\/index.php?rest_route=\/wp\/v2\/media\/7604"}],"wp:attachment":[{"href":"https:\/\/old.atletikaolomouc.cz\/index.php?rest_route=%2Fwp%2Fv2%2Fmedia&parent=7597"}],"wp:term":[{"taxonomy":"category","embeddable":true,"href":"https:\/\/old.atletikaolomouc.cz\/index.php?rest_route=%2Fwp%2Fv2%2Fcategories&post=7597"},{"taxonomy":"post_tag","embeddable":true,"href":"https:\/\/old.atletikaolomouc.cz\/index.php?rest_route=%2Fwp%2Fv2%2Ftags&post=7597"}],"curies":[{"name":"wp","href":"https:\/\/api.w.org\/{rel}","templated":true}]}}