{"id":7608,"date":"2016-05-20T12:57:37","date_gmt":"2016-05-20T10:57:37","guid":{"rendered":"http:\/\/www.atletikaolomouc.cz\/?p=7608"},"modified":"2016-05-20T12:57:37","modified_gmt":"2016-05-20T10:57:37","slug":"pripravky-zahajily-soutez-druzstev","status":"publish","type":"post","link":"https:\/\/old.atletikaolomouc.cz\/?p=7608","title":{"rendered":"P\u0159\u00edpravky zah\u00e1jily sout\u011b\u017e dru\u017estev"},"content":{"rendered":"<p>Dne 19. 5. se konalo v \u0160umperku 1. kolo krajsk\u00e9ho p\u0159eboru dru\u017estev atletick\u00fdch p\u0159\u00edpravek.<!--more--><\/p>\n<p style=\"text-align: justify;\">Dle m\u00e9ho n\u00e1zoru jsme si v\u0161ichni z\u00e1vody velice u\u017eili. Spoustu d\u011bt\u00ed z\u00edskalo v\u016fbec prvn\u00ed zku\u0161enosti s\u00a0opravdov\u00fdmi atletick\u00fdmi z\u00e1vody a zji\u0161\u0165ovali, jak to na takov\u00fdch z\u00e1vodech chod\u00ed. N\u011bkomu se da\u0159ilo v\u00edce, n\u011bkomu m\u00e9n\u011b, ale tak to u\u017e ve sportu b\u00fdv\u00e1.\u00a0<\/p>\n<p style=\"text-align: justify;\">Kluci v\u00a0tomto kole zv\u00edt\u011bzili a vstoupili do sout\u011b\u017ee velice dob\u0159e. Je pot\u0159eba neusnout na vav\u0159\u00ednech a d\u00e1le poctiv\u011b tr\u00e9novat. Snad se jim bude stejn\u011b da\u0159it i v\u00a0p\u0159\u00ed\u0161t\u00edch kolech a doraz\u00ed nav\u00edc i n\u011bkolik dal\u0161\u00edch opor dru\u017estva, kter\u00e9 na prvn\u00edm kole chyb\u011bly. D\u00edvky v\u00a0tomto kole skon\u010dily na celkov\u00e9m \u010dtvrt\u00e9m m\u00edst\u011b. Nic v\u0161ak nen\u00ed ztraceno. Je pot\u0159eba i p\u0159\u00ed\u0161t\u00ed kolo bojovat do posledn\u00edch sil a poprat se o medailov\u00e9 pozice. Ve druh\u00e9m kole n\u00e1s \u010dekaj\u00ed jin\u00e9 dv\u011b dopl\u0148kov\u00e9 discipl\u00edny, tak mo\u017en\u00e1 budou n\u011bkter\u00fdm d\u011bv\u010dat\u016fm v\u00edce \u201esed\u011bt\u201c.\u00a0<\/p>\n<p style=\"text-align: justify;\">P\u0159edev\u0161\u00edm bych ale cht\u011bl pod\u011bkovat v\u0161em \u00fa\u010dastn\u00edk\u016fm za bojovnost a vzornou reprezentaci Atletick\u00e9ho klubu Olomouc. P\u0159\u00ed\u0161t\u011b nastoup\u00edme u\u017e ve zbrusu nov\u00fdch dresech, tak douf\u00e1m, \u017ee n\u00e1m nov\u00e9 dresy p\u0159inesou \u0161t\u011bst\u00ed.<\/p>\n<p style=\"text-align: justify;\">P\u0159\u00ed\u0161t\u00ed kolo se kon\u00e1 ve \u010dtvrtek 2. \u010dervna a jedeme tentokr\u00e1t do Prost\u011bjova. Informace o odjezdu apod. op\u011bt po\u0161lu emailem ve zpravodaji a budou na na\u0161em webu.<\/p>\n<p>Na bodov\u00e1n\u00ed jednotlivc\u016f v discipl\u00edn\u00e1ch se m\u016f\u017eete pod\u00edvat <a title=\"Bodov\u00e1n\u00ed jednotlivc\u016f 1. kolo KPD p\u0159\u00edpravek 2016\" href=\"http:\/\/www.atletikaolomouc.cz\/wp-content\/uploads\/2016\/05\/Bodov\u00e1n\u00ed-jednotlivc\u016f-1.-kolo-KPD-p\u0159\u00edpravek-2016.pdf\" target=\"_blank\">zde.<\/a><\/p>\n<p>Kompletn\u00ed v\u00fdsledky jsou dostupn\u00e9 <a title=\"V\u00fdsledky 1. kolo KPD p\u0159\u00edpravek 2016\" href=\"http:\/\/online.atletika.cz\/vysledky.aspx?idk=26835\" target=\"_blank\">zde.<\/a><\/p>\n<p>&nbsp;<\/p>\n<p>Fotky ze z\u00e1vod\u016f:<\/p>\n<div class=\"g-post\" data-href=\"https:\/\/plus.google.com\/103752916514328530520\/posts\/azPBuHNfeUc\"><\/div>\n<p>&nbsp;<\/p>\n<p align=\"center\">\u00a0<\/p>\n<p style=\"text-align: left;\" align=\"right\">Robert Novotn\u00fd \u2013 vedouc\u00ed dru\u017estev<\/p>\n<p style=\"text-align: left;\" align=\"right\">tel.: 603948958, email: <a href=\"mailto:robert.novotny27@seznam.cz\">robert.novotny27@seznam.cz<\/a><\/p>\n","protected":false},"excerpt":{"rendered":"<p>Dne 19. 5. se konalo v \u0160umperku 1. kolo krajsk\u00e9ho p\u0159eboru dru\u017estev atletick\u00fdch p\u0159\u00edpravek.<\/p>\n","protected":false},"author":10,"featured_media":7610,"comment_status":"closed","ping_status":"closed","sticky":false,"template":"","format":"standard","meta":{"ngg_post_thumbnail":0},"categories":[5,6,25,19],"tags":[],"_links":{"self":[{"href":"https:\/\/old.atletikaolomouc.cz\/index.php?rest_route=\/wp\/v2\/posts\/7608"}],"collection":[{"href":"https:\/\/old.atletikaolomouc.cz\/index.php?rest_route=\/wp\/v2\/posts"}],"about":[{"href":"https:\/\/old.atletikaolomouc.cz\/index.php?rest_route=\/wp\/v2\/types\/post"}],"author":[{"embeddable":true,"href":"https:\/\/old.atletikaolomouc.cz\/index.php?rest_route=\/wp\/v2\/users\/10"}],"replies":[{"embeddable":true,"href":"https:\/\/old.atletikaolomouc.cz\/index.php?rest_route=%2Fwp%2Fv2%2Fcomments&post=7608"}],"version-history":[{"count":3,"href":"https:\/\/old.atletikaolomouc.cz\/index.php?rest_route=\/wp\/v2\/posts\/7608\/revisions"}],"predecessor-version":[{"id":7613,"href":"https:\/\/old.atletikaolomouc.cz\/index.php?rest_route=\/wp\/v2\/posts\/7608\/revisions\/7613"}],"wp:featuredmedia":[{"embeddable":true,"href":"https:\/\/old.atletikaolomouc.cz\/index.php?rest_route=\/wp\/v2\/media\/7610"}],"wp:attachment":[{"href":"https:\/\/old.atletikaolomouc.cz\/index.php?rest_route=%2Fwp%2Fv2%2Fmedia&parent=7608"}],"wp:term":[{"taxonomy":"category","embeddable":true,"href":"https:\/\/old.atletikaolomouc.cz\/index.php?rest_route=%2Fwp%2Fv2%2Fcategories&post=7608"},{"taxonomy":"post_tag","embeddable":true,"href":"https:\/\/old.atletikaolomouc.cz\/index.php?rest_route=%2Fwp%2Fv2%2Ftags&post=7608"}],"curies":[{"name":"wp","href":"https:\/\/api.w.org\/{rel}","templated":true}]}}