{"id":7622,"date":"2016-05-24T08:30:44","date_gmt":"2016-05-24T06:30:44","guid":{"rendered":"http:\/\/www.atletikaolomouc.cz\/?p=7622"},"modified":"2016-05-24T08:30:44","modified_gmt":"2016-05-24T06:30:44","slug":"1-kolo-zavodu-atletickych-skolek","status":"publish","type":"post","link":"https:\/\/old.atletikaolomouc.cz\/?p=7622","title":{"rendered":"1. kolo z\u00e1vod\u016f atletick\u00fdch \u0161kolek"},"content":{"rendered":"<p>Dne 23. 5. 2016 se konalo prvn\u00ed kolo z\u00e1vod\u016f atletick\u00fdch \u0161kolek.<!--more--><\/p>\n<p style=\"text-align: justify;\">Za kr\u00e1sn\u00e9ho slune\u010dn\u00e9ho a t\u00e9m\u011b\u0159 letn\u00edho po\u010das\u00ed se z\u00e1vod\u016f z\u00fa\u010dastnilo na 60 d\u011bt\u00ed z na\u0161ich atletick\u00fdch \u0161koli\u010dek. D\u011bti sout\u011b\u017eily v \u0161esti discipl\u00edn\u00e1ch a to hodu tenis\u00e1kem, skoku z m\u00edsta, skoku do d\u00e1lky, sprintu na 20m, p\u0159ek\u00e1\u017ekov\u00e9ho b\u011bhu a v p\u0159eskoc\u00edch p\u0159es p\u0159ek\u00e1\u017eku. Cel\u00e1 sout\u011b\u017e byla hodnocena jako v\u00edceboj.<\/p>\n<p>D\u011bkujeme v\u0161em za \u00fa\u010dast a t\u011b\u0161\u00edme se na p\u0159\u00ed\u0161t\u011b.<\/p>\n<p>V\u00fdsledky dostupn\u00e9 <a title=\"Atletick\u00e9 \u0161kolky 1. kolo 2016\" href=\"http:\/\/www.atletikaolomouc.cz\/wp-content\/uploads\/2016\/05\/atleticka-skolka-vysledky-1.-kolo.pdf\" target=\"_blank\">zde.<\/a><\/p>\n<p>P\u0159\u00ed\u0161t\u00ed kolo se kon\u00e1 ve st\u0159edu 15. 6.<\/p>\n<p>Pozv\u00e1nka <a href=\"http:\/\/www.atletikaolomouc.cz\/wp-content\/uploads\/2016\/05\/z\u00e1vody-atletick\u00e9-\u0161kolky-propozice-2016.docx\" target=\"_blank\">zde.<\/a><\/p>\n","protected":false},"excerpt":{"rendered":"<p>Dne 23. 5. 2016 se konalo prvn\u00ed kolo z\u00e1vod\u016f atletick\u00fdch \u0161kolek.<\/p>\n","protected":false},"author":10,"featured_media":7623,"comment_status":"closed","ping_status":"closed","sticky":false,"template":"","format":"standard","meta":{"ngg_post_thumbnail":0},"categories":[5,6,25,19],"tags":[],"_links":{"self":[{"href":"https:\/\/old.atletikaolomouc.cz\/index.php?rest_route=\/wp\/v2\/posts\/7622"}],"collection":[{"href":"https:\/\/old.atletikaolomouc.cz\/index.php?rest_route=\/wp\/v2\/posts"}],"about":[{"href":"https:\/\/old.atletikaolomouc.cz\/index.php?rest_route=\/wp\/v2\/types\/post"}],"author":[{"embeddable":true,"href":"https:\/\/old.atletikaolomouc.cz\/index.php?rest_route=\/wp\/v2\/users\/10"}],"replies":[{"embeddable":true,"href":"https:\/\/old.atletikaolomouc.cz\/index.php?rest_route=%2Fwp%2Fv2%2Fcomments&post=7622"}],"version-history":[{"count":2,"href":"https:\/\/old.atletikaolomouc.cz\/index.php?rest_route=\/wp\/v2\/posts\/7622\/revisions"}],"predecessor-version":[{"id":7627,"href":"https:\/\/old.atletikaolomouc.cz\/index.php?rest_route=\/wp\/v2\/posts\/7622\/revisions\/7627"}],"wp:featuredmedia":[{"embeddable":true,"href":"https:\/\/old.atletikaolomouc.cz\/index.php?rest_route=\/wp\/v2\/media\/7623"}],"wp:attachment":[{"href":"https:\/\/old.atletikaolomouc.cz\/index.php?rest_route=%2Fwp%2Fv2%2Fmedia&parent=7622"}],"wp:term":[{"taxonomy":"category","embeddable":true,"href":"https:\/\/old.atletikaolomouc.cz\/index.php?rest_route=%2Fwp%2Fv2%2Fcategories&post=7622"},{"taxonomy":"post_tag","embeddable":true,"href":"https:\/\/old.atletikaolomouc.cz\/index.php?rest_route=%2Fwp%2Fv2%2Ftags&post=7622"}],"curies":[{"name":"wp","href":"https:\/\/api.w.org\/{rel}","templated":true}]}}