{"id":7671,"date":"2016-05-31T07:53:24","date_gmt":"2016-05-31T05:53:24","guid":{"rendered":"http:\/\/www.atletikaolomouc.cz\/?p=7671"},"modified":"2016-05-31T07:55:44","modified_gmt":"2016-05-31T05:55:44","slug":"2-kolo-kpd-pripravek","status":"publish","type":"post","link":"https:\/\/old.atletikaolomouc.cz\/?p=7671","title":{"rendered":"2. kolo KPD p\u0159\u00edpravek"},"content":{"rendered":"<p><strong>Ve \u010dtvrtek 2. 6. 2016 odj\u00ed\u017ed\u00edme na 2. kolo Krajsk\u00e9ho p\u0159eboru dru\u017estev atletick\u00fdch p\u0159\u00edpravek do Prost\u011bjova.<!--more--> <\/strong>Sraz z\u00e1vodn\u00edk\u016f v <strong>12.45 hod<\/strong> na parkovi\u0161ti atletick\u00e9ho stadionu TJ Lokomotiva, autobus odj\u00ed\u017ed\u00ed v\u00a013:00 hod. Z\u00e1vody za\u010d\u00ednaj\u00ed v 15.00 hod, p\u0159edpokl\u00e1dan\u00fd konec v 18.00, n\u00e1vrat na stadion do Olomouce v cca 19.00 hod.<\/p>\n<p>Soupiska dru\u017estva d\u00edvek <a href=\"http:\/\/www.atletikaolomouc.cz\/wp-content\/uploads\/2016\/05\/Dru\u017estvo-p\u0159\u00edpravek-holky-zpravodaj1.xlsx\" target=\"_blank\">zde.<\/a><\/p>\n<p>Soupiska dru\u017estva chlapc\u016f <a href=\"http:\/\/www.atletikaolomouc.cz\/wp-content\/uploads\/2016\/05\/Dru\u017estvo-p\u0159\u00edpravek-kluci-zpravodaj.xlsx\" target=\"_blank\">zde.<\/a><\/p>\n<p>Soupis start\u016f v discipl\u00edn\u00e1ch <a title=\"Discipl\u00edny 2. kolo KPD p\u0159\u00edpravek\" href=\"http:\/\/www.atletikaolomouc.cz\/wp-content\/uploads\/2016\/05\/Discipl\u00edny-2.-kolo.xlsx\" target=\"_blank\">zde.<\/a><\/p>\n<p>Zpravodaj dru\u017estva <a title=\"Zpravodaj dru\u017estva star\u0161\u00edch \u017e\u00e1ky\u0148 2016 p\u0159ed 2. kolem\" href=\"http:\/\/www.atletikaolomouc.cz\/wp-content\/uploads\/2016\/05\/Zpravodaj-p\u0159ed-2.-kolem.doc\" target=\"_blank\">zde.<\/a><\/p>\n<p>&nbsp;<\/p>\n<p>Robert Novotn\u00fd<br \/>vedouc\u00ed dru\u017estev<br \/>tel.: 603948958<\/p>\n<p>email:\u00a0<a href=\"mailto:robert.novotny27@seznam.cz\">robert.novotny27@seznam.cz<\/a>\u00a0nebo\u00a0<a href=\"mailto:27robert.novotny@gmail.com\">27robert.novotny@gmail.com<\/a><\/p>\n","protected":false},"excerpt":{"rendered":"<p>Ve \u010dtvrtek 2. 6. 2016 odj\u00ed\u017ed\u00edme na 2. kolo Krajsk\u00e9ho p\u0159eboru dru\u017estev atletick\u00fdch p\u0159\u00edpravek do Prost\u011bjova.<\/p>\n","protected":false},"author":10,"featured_media":7672,"comment_status":"closed","ping_status":"closed","sticky":false,"template":"","format":"standard","meta":{"ngg_post_thumbnail":0},"categories":[5,6,25,19],"tags":[],"_links":{"self":[{"href":"https:\/\/old.atletikaolomouc.cz\/index.php?rest_route=\/wp\/v2\/posts\/7671"}],"collection":[{"href":"https:\/\/old.atletikaolomouc.cz\/index.php?rest_route=\/wp\/v2\/posts"}],"about":[{"href":"https:\/\/old.atletikaolomouc.cz\/index.php?rest_route=\/wp\/v2\/types\/post"}],"author":[{"embeddable":true,"href":"https:\/\/old.atletikaolomouc.cz\/index.php?rest_route=\/wp\/v2\/users\/10"}],"replies":[{"embeddable":true,"href":"https:\/\/old.atletikaolomouc.cz\/index.php?rest_route=%2Fwp%2Fv2%2Fcomments&post=7671"}],"version-history":[{"count":4,"href":"https:\/\/old.atletikaolomouc.cz\/index.php?rest_route=\/wp\/v2\/posts\/7671\/revisions"}],"predecessor-version":[{"id":7679,"href":"https:\/\/old.atletikaolomouc.cz\/index.php?rest_route=\/wp\/v2\/posts\/7671\/revisions\/7679"}],"wp:featuredmedia":[{"embeddable":true,"href":"https:\/\/old.atletikaolomouc.cz\/index.php?rest_route=\/wp\/v2\/media\/7672"}],"wp:attachment":[{"href":"https:\/\/old.atletikaolomouc.cz\/index.php?rest_route=%2Fwp%2Fv2%2Fmedia&parent=7671"}],"wp:term":[{"taxonomy":"category","embeddable":true,"href":"https:\/\/old.atletikaolomouc.cz\/index.php?rest_route=%2Fwp%2Fv2%2Fcategories&post=7671"},{"taxonomy":"post_tag","embeddable":true,"href":"https:\/\/old.atletikaolomouc.cz\/index.php?rest_route=%2Fwp%2Fv2%2Ftags&post=7671"}],"curies":[{"name":"wp","href":"https:\/\/api.w.org\/{rel}","templated":true}]}}