{"id":7705,"date":"2016-06-06T09:27:17","date_gmt":"2016-06-06T07:27:17","guid":{"rendered":"http:\/\/www.atletikaolomouc.cz\/?p=7705"},"modified":"2016-06-06T09:27:17","modified_gmt":"2016-06-06T07:27:17","slug":"2-kolo-krajskeho-preboru-druzstev-pripravek","status":"publish","type":"post","link":"https:\/\/old.atletikaolomouc.cz\/?p=7705","title":{"rendered":"2. kolo krajsk\u00e9ho p\u0159eboru dru\u017estev p\u0159\u00edpravek"},"content":{"rendered":"<p style=\"text-align: justify;\">Dne 2. 6. 2016 se konalo v\u00a0Prost\u011bjov\u011b 2. kolo sout\u011b\u017ee dru\u017estev atletick\u00fdch p\u0159\u00edpravek.<!--more--> Do z\u00e1vodu jsme nastoupili ve\u00a0zbrusu nov\u00fdch dresech, stejn\u00fdch, jak\u00e9 maj\u00ed olomou\u010dt\u00ed extraligov\u00ed borci. V\u0161ichni mal\u00ed atleti bojovali a\u017e do vyp\u011bt\u00ed posledn\u00edch sil. Jejich nasazen\u00ed a sout\u011b\u017eivost si nic nezad\u00e1 ani s na\u0161imi nejlep\u0161\u00edmi a nejzku\u0161en\u011bj\u0161\u00edmi atlety ve vrcholn\u00fdch sout\u011b\u017e\u00edch dosp\u011bl\u00fdch.<\/p>\n<p style=\"text-align: justify;\">Leto\u0161n\u00ed krajsk\u00e1 sout\u011b\u017e p\u0159\u00edpravek je nesm\u00edrn\u011b vyrovnan\u00e1 a p\u0159ekvapila m\u011b kvalitou v\u00fdkon\u016f v\u00a0n\u011bkter\u00fdch discipl\u00edn\u00e1ch. Na\u0161i z\u00e1vodn\u00edci a z\u00e1vodnice se v\u0161ak samoz\u0159ejm\u011b neztratili a z\u00edskali tak\u00e9 n\u011bkolik um\u00edst\u011bn\u00ed na stupn\u00edch v\u00edt\u011bz\u016f. Kluci v\u00a0tomto kole skon\u010dili celkov\u011b na druh\u00e9m m\u00edst\u011b a nesta\u010dili pouze o n\u011bkolik bod\u016f na dru\u017estvo ze \u0160ternberka. D\u00edvky se podstatn\u011b zlep\u0161ily a v\u00a0tomto kole vybojovaly t\u0159et\u00ed pozici. Na medailov\u00e1 um\u00edst\u011bn\u00ed v\u00a0kone\u010dn\u00e9m sou\u010dtu sout\u011b\u017ee Krajsk\u00e9ho p\u0159eboru dru\u017estev to st\u00e1le m\u00e1me rozehr\u00e1no, ale bude to je\u0161t\u011b velk\u00e9 drama.<\/p>\n<p style=\"text-align: justify;\">Zpravodaj dru\u017estev <a title=\"Zpravodaj dru\u017estva p\u0159\u00edpravek 2\" href=\"http:\/\/www.atletikaolomouc.cz\/wp-content\/uploads\/2016\/06\/Zpravodaj-po-2.-kole.pdf\" target=\"_blank\">zde.<\/a><\/p>\n<p style=\"text-align: justify;\">Bodov\u00e1n\u00ed jednotlivc\u016f <a title=\"Bodov\u00e1n\u00ed jednotlivc\u016f 2. kolo KPD p\u0159\u00edpravek 2016\" href=\"http:\/\/www.atletikaolomouc.cz\/wp-content\/uploads\/2016\/06\/Bodov\u00e1n\u00ed-jednotlivc\u016f-2.-kolo-KPD-p\u0159\u00edpravek-2016.pdf\" target=\"_blank\">zde.<\/a><\/p>\n<p style=\"text-align: justify;\">\u00a0<\/p>\n<p style=\"text-align: left;\" align=\"right\">Robert Novotn\u00fd \u2013 vedouc\u00ed dru\u017estev<\/p>\n<p style=\"text-align: left;\" align=\"right\">tel.: 603948958<\/p>\n<p style=\"text-align: left;\" align=\"right\">email: <a href=\"mailto:robert.novotny27@seznam.cz\">robert.novotny27@seznam.cz<\/a><\/p>\n","protected":false},"excerpt":{"rendered":"<p>Dne 2. 6. 2016 se konalo v\u00a0Prost\u011bjov\u011b 2. kolo sout\u011b\u017ee dru\u017estev atletick\u00fdch p\u0159\u00edpravek.<\/p>\n","protected":false},"author":10,"featured_media":7706,"comment_status":"closed","ping_status":"closed","sticky":false,"template":"","format":"standard","meta":{"ngg_post_thumbnail":0},"categories":[5,6,37,25,19],"tags":[],"_links":{"self":[{"href":"https:\/\/old.atletikaolomouc.cz\/index.php?rest_route=\/wp\/v2\/posts\/7705"}],"collection":[{"href":"https:\/\/old.atletikaolomouc.cz\/index.php?rest_route=\/wp\/v2\/posts"}],"about":[{"href":"https:\/\/old.atletikaolomouc.cz\/index.php?rest_route=\/wp\/v2\/types\/post"}],"author":[{"embeddable":true,"href":"https:\/\/old.atletikaolomouc.cz\/index.php?rest_route=\/wp\/v2\/users\/10"}],"replies":[{"embeddable":true,"href":"https:\/\/old.atletikaolomouc.cz\/index.php?rest_route=%2Fwp%2Fv2%2Fcomments&post=7705"}],"version-history":[{"count":3,"href":"https:\/\/old.atletikaolomouc.cz\/index.php?rest_route=\/wp\/v2\/posts\/7705\/revisions"}],"predecessor-version":[{"id":7711,"href":"https:\/\/old.atletikaolomouc.cz\/index.php?rest_route=\/wp\/v2\/posts\/7705\/revisions\/7711"}],"wp:featuredmedia":[{"embeddable":true,"href":"https:\/\/old.atletikaolomouc.cz\/index.php?rest_route=\/wp\/v2\/media\/7706"}],"wp:attachment":[{"href":"https:\/\/old.atletikaolomouc.cz\/index.php?rest_route=%2Fwp%2Fv2%2Fmedia&parent=7705"}],"wp:term":[{"taxonomy":"category","embeddable":true,"href":"https:\/\/old.atletikaolomouc.cz\/index.php?rest_route=%2Fwp%2Fv2%2Fcategories&post=7705"},{"taxonomy":"post_tag","embeddable":true,"href":"https:\/\/old.atletikaolomouc.cz\/index.php?rest_route=%2Fwp%2Fv2%2Ftags&post=7705"}],"curies":[{"name":"wp","href":"https:\/\/api.w.org\/{rel}","templated":true}]}}