{"id":7712,"date":"2016-06-06T10:37:47","date_gmt":"2016-06-06T08:37:47","guid":{"rendered":"http:\/\/www.atletikaolomouc.cz\/?p=7712"},"modified":"2016-06-06T10:38:25","modified_gmt":"2016-06-06T08:38:25","slug":"finale-nestle-detske-zlate-ligy-2016","status":"publish","type":"post","link":"https:\/\/old.atletikaolomouc.cz\/?p=7712","title":{"rendered":"Fin\u00e1le Nestl\u00e9 D\u011btsk\u00e9 Zlat\u00e9 ligy 2016"},"content":{"rendered":"<p>Ve st\u0159edu 8. 6. 2016 se uskute\u010dn\u00ed t\u0159et\u00ed a z\u00e1rove\u0148 fin\u00e1lov\u00e9 kolo Nestl\u00e9 D\u011btsk\u00e9 Zlat\u00e9 ligy 2016.<!--more--><\/p>\n<p style=\"text-align: justify;\">P\u0159ihl\u00e1\u0161ky op\u011bt na m\u00edst\u011b v den z\u00e1vodu od 15:00 do 15:45.\u00a0Z\u00fa\u010dastnit se mohou v\u0161echny d\u011bti Olomouck\u00e9ho regionu v\u00a0dan\u00e9 v\u011bkov\u00e9 kategorii. Kategorie mlad\u0161\u00edho \u017eactva m\u00e1 op\u011bt z d\u016fvodu urychlen\u00ed \u010dasov\u00e9 po\u0159adu posunut start b\u011bhu na 60 m p\u0159ek\u00e1\u017eek v 15:30! Ostatn\u00ed kategorie za\u010d\u00ednaj\u00ed stejn\u011b jako na p\u0159edchoz\u00edch kolech od 16:00.<\/p>\n<p style=\"text-align: justify;\">Ve fin\u00e1le bude vyhodnocen nejlep\u0161\u00ed v\u00edceboja\u0159 v\u00a0ka\u017ed\u00e9 kategorii sou\u010dtem bod\u016f ze v\u0161ech t\u0159\u00ed z\u00e1vod\u016f a z\u00edsk\u00e1 poh\u00e1r pro nejlep\u0161\u00edho v\u00edceboja\u0159e.<\/p>\n<p><strong><em>Boj o \u010dokol\u00e1dov\u00fd zlat\u00fd poklad:<\/em><\/strong><\/p>\n<p style=\"text-align: justify;\">Syst\u00e9m je stejn\u00fd jako v\u00a0celosv\u011btov\u011b zn\u00e1m\u00e9 sout\u011b\u017ei dosp\u011bl\u00fdch Golden League. Pod\u00edl na \u010dokol\u00e1dov\u00e9m zlat\u00e9m pokladu z\u00edsk\u00e1 ten z\u00e1vodn\u00edk, kter\u00fd na v\u0161ech t\u0159ech z\u00e1vodech zv\u00edt\u011bz\u00ed v\u00a0jedn\u00e9 z disciplin: 60m, 60m p\u0159., skok dalek\u00fd, hod m\u00ed\u010dkem, p\u0159ek\u00e1\u017ekov\u00e1 dr\u00e1ha, vytrvalostn\u00ed b\u011bh a nejlep\u0161\u00ed v\u00edceboja\u0159i.<\/p>\n<p><strong>Na pod\u00edl na zlat\u00e9m pokladu p\u0159ed fin\u00e1lov\u00fdm kolem maj\u00ed zat\u00edm n\u00e1rok:<\/strong><\/p>\n<p>Kry\u0161tof Sl\u00e1dek (chlapci 2003-2004) &#8211; hod m\u00ed\u010dkem<\/p>\n<p>Richard Hor\u00e1k (chlapci 2005-2006) &#8211; 60 m, skok do d\u00e1lky, p\u0159ek\u00e1\u017eky<\/p>\n<p>Jakub \u0160ev\u010d\u00edk (chlapci 2007-2009) &#8211; p\u0159ek\u00e1\u017eky<\/p>\n<p>Nikolas Hus (chlapci 2007-2009) &#8211; 60 m<\/p>\n<p>Vojt\u011bch Herinek (chlapci 2007-2009) &#8211; 400 m<\/p>\n<p>Elen Urb\u00e1\u0161kov\u00e1 (d\u00edvky 2003-2004) &#8211; v\u00edceboj, 60 m, p\u0159ek\u00e1\u017eky<\/p>\n<p>Tereza \u0160i\u0161kov\u00e1 (d\u00edvky 2003-2004) &#8211; skok do d\u00e1lky<\/p>\n<p>Julie Pol\u00e1\u0161kov\u00e1 (d\u00edvky 2005 &#8211; 2006) &#8211; v\u00edceboj, 60 m, p\u0159ek\u00e1\u017eky<\/p>\n<p>Tereza Navr\u00e1tilov\u00e1 (d\u00edvky 2007-2009) &#8211; v\u00edceboj, \u00a0hod m\u00ed\u010dkem, p\u0159ek\u00e1\u017eky<\/p>\n","protected":false},"excerpt":{"rendered":"<p>Ve st\u0159edu 8. 6. 2016 se uskute\u010dn\u00ed t\u0159et\u00ed a z\u00e1rove\u0148 fin\u00e1lov\u00e9 kolo Nestl\u00e9 D\u011btsk\u00e9 Zlat\u00e9 ligy 2016.<\/p>\n","protected":false},"author":10,"featured_media":7714,"comment_status":"closed","ping_status":"closed","sticky":false,"template":"","format":"standard","meta":{"ngg_post_thumbnail":0},"categories":[5,6,37,25,19],"tags":[],"_links":{"self":[{"href":"https:\/\/old.atletikaolomouc.cz\/index.php?rest_route=\/wp\/v2\/posts\/7712"}],"collection":[{"href":"https:\/\/old.atletikaolomouc.cz\/index.php?rest_route=\/wp\/v2\/posts"}],"about":[{"href":"https:\/\/old.atletikaolomouc.cz\/index.php?rest_route=\/wp\/v2\/types\/post"}],"author":[{"embeddable":true,"href":"https:\/\/old.atletikaolomouc.cz\/index.php?rest_route=\/wp\/v2\/users\/10"}],"replies":[{"embeddable":true,"href":"https:\/\/old.atletikaolomouc.cz\/index.php?rest_route=%2Fwp%2Fv2%2Fcomments&post=7712"}],"version-history":[{"count":4,"href":"https:\/\/old.atletikaolomouc.cz\/index.php?rest_route=\/wp\/v2\/posts\/7712\/revisions"}],"predecessor-version":[{"id":7717,"href":"https:\/\/old.atletikaolomouc.cz\/index.php?rest_route=\/wp\/v2\/posts\/7712\/revisions\/7717"}],"wp:featuredmedia":[{"embeddable":true,"href":"https:\/\/old.atletikaolomouc.cz\/index.php?rest_route=\/wp\/v2\/media\/7714"}],"wp:attachment":[{"href":"https:\/\/old.atletikaolomouc.cz\/index.php?rest_route=%2Fwp%2Fv2%2Fmedia&parent=7712"}],"wp:term":[{"taxonomy":"category","embeddable":true,"href":"https:\/\/old.atletikaolomouc.cz\/index.php?rest_route=%2Fwp%2Fv2%2Fcategories&post=7712"},{"taxonomy":"post_tag","embeddable":true,"href":"https:\/\/old.atletikaolomouc.cz\/index.php?rest_route=%2Fwp%2Fv2%2Ftags&post=7712"}],"curies":[{"name":"wp","href":"https:\/\/api.w.org\/{rel}","templated":true}]}}