{"id":7731,"date":"2016-06-08T11:36:56","date_gmt":"2016-06-08T09:36:56","guid":{"rendered":"http:\/\/www.atletikaolomouc.cz\/?p=7731"},"modified":"2016-06-08T12:27:56","modified_gmt":"2016-06-08T10:27:56","slug":"mezikrajove-utkani-druzstev-starsiho-zactva","status":"publish","type":"post","link":"https:\/\/old.atletikaolomouc.cz\/?p=7731","title":{"rendered":"Mezikrajov\u00e9 utk\u00e1n\u00ed dru\u017estev star\u0161\u00edho \u017eactva"},"content":{"rendered":"<p>Dne 5. 6. 2016 se v Praze &#8211; D\u011bkance uskute\u010dnilo Mezikrajov\u00e9 utk\u00e1n\u00ed dru\u017estev star\u0161\u00edho \u017eactva.<!--more--><\/p>\n<p>Dru\u017estvo Olomouck\u00e9ho kraje reprezentovalo i n\u011bkolik atlet\u016f z AK Olomouc.<\/p>\n<p>Z chlapc\u016f: Jan Mautner, Jan Prokop, Viktor \u017daloud\u00edk, Nikolas Jan Adensam, Martin Gogela, Bruno Luigi Galassi, \u0160t\u011bp\u00e1n Michal\u00edk, Jon\u00e1\u0161 Posp\u00ed\u0161il<\/p>\n<p>Z d\u00edvek: Anna Jen\u010dke, Karol\u00edna Petrov\u00e1, Lucie Mi\u010dunkov\u00e1, Veronika Lavrin\u010d\u00edkov\u00e1<\/p>\n<p>Padlo n\u011bkolik skv\u011bl\u00fdch v\u00fdkon\u016f a osobn\u00edch rekord\u016f. Z v\u00fdsledk\u016f je nutno vyzdvihnout v\u00fdkon Karol\u00edny Petrov\u00e9, kter\u00e1 dob\u011bhla na 300 m \u00a0v osobn\u00edm rekordu 41,43 s, kter\u00fd je z\u00e1rove\u0148 i nov\u00fdm odd\u00edlov\u00fdm rekordem star\u0161\u00edch \u017e\u00e1ky\u0148 AK Olomouc. D\u00e1le v\u00edt\u011bzstv\u00ed Ani\u010dky Jen\u010dke v disku v\u00fdkonem 36,29 m, 2. m\u00edsto Nikolase Jana Adensama na 2000 m \u00a0p\u011bkn\u00fdm v\u00fdkonem 6:06,72 min. a osobn\u00edmi rekordy Jon\u00e1\u0161e Posp\u00ed\u0161ila ve skoku vysok\u00e9m v\u00fdkonem 180 cm a Viktora \u017daloud\u00edka v b\u011bhu na 300 m \u010dasem 38,84 s. Blahop\u0159ejeme!<\/p>\n<p>D\u011bkujeme v\u0161em za vzornou reprezentaci AK Olomouc a Olomouck\u00e9ho kraje.<\/p>\n<p>Kompletn\u00ed v\u00fdsledky jsou dostupn\u00e9<a href=\"http:\/\/online.atletika.cz\/vysledky.aspx?idk=26825&amp;stats=2\"> zde.<\/a><\/p>\n","protected":false},"excerpt":{"rendered":"<p>Dne 5. 6. 2016 se v Praze &#8211; D\u011bkance uskute\u010dnilo Mezikrajov\u00e9 utk\u00e1n\u00ed dru\u017estev star\u0161\u00edho \u017eactva.<\/p>\n","protected":false},"author":10,"featured_media":7604,"comment_status":"closed","ping_status":"closed","sticky":false,"template":"","format":"standard","meta":{"ngg_post_thumbnail":0},"categories":[5,6,37,25],"tags":[],"_links":{"self":[{"href":"https:\/\/old.atletikaolomouc.cz\/index.php?rest_route=\/wp\/v2\/posts\/7731"}],"collection":[{"href":"https:\/\/old.atletikaolomouc.cz\/index.php?rest_route=\/wp\/v2\/posts"}],"about":[{"href":"https:\/\/old.atletikaolomouc.cz\/index.php?rest_route=\/wp\/v2\/types\/post"}],"author":[{"embeddable":true,"href":"https:\/\/old.atletikaolomouc.cz\/index.php?rest_route=\/wp\/v2\/users\/10"}],"replies":[{"embeddable":true,"href":"https:\/\/old.atletikaolomouc.cz\/index.php?rest_route=%2Fwp%2Fv2%2Fcomments&post=7731"}],"version-history":[{"count":4,"href":"https:\/\/old.atletikaolomouc.cz\/index.php?rest_route=\/wp\/v2\/posts\/7731\/revisions"}],"predecessor-version":[{"id":7735,"href":"https:\/\/old.atletikaolomouc.cz\/index.php?rest_route=\/wp\/v2\/posts\/7731\/revisions\/7735"}],"wp:featuredmedia":[{"embeddable":true,"href":"https:\/\/old.atletikaolomouc.cz\/index.php?rest_route=\/wp\/v2\/media\/7604"}],"wp:attachment":[{"href":"https:\/\/old.atletikaolomouc.cz\/index.php?rest_route=%2Fwp%2Fv2%2Fmedia&parent=7731"}],"wp:term":[{"taxonomy":"category","embeddable":true,"href":"https:\/\/old.atletikaolomouc.cz\/index.php?rest_route=%2Fwp%2Fv2%2Fcategories&post=7731"},{"taxonomy":"post_tag","embeddable":true,"href":"https:\/\/old.atletikaolomouc.cz\/index.php?rest_route=%2Fwp%2Fv2%2Ftags&post=7731"}],"curies":[{"name":"wp","href":"https:\/\/api.w.org\/{rel}","templated":true}]}}