{"id":7749,"date":"2016-06-09T10:31:18","date_gmt":"2016-06-09T08:31:18","guid":{"rendered":"http:\/\/www.atletikaolomouc.cz\/?p=7749"},"modified":"2016-08-30T19:23:40","modified_gmt":"2016-08-30T17:23:40","slug":"souteze-druzstev-dospelych","status":"publish","type":"post","link":"https:\/\/old.atletikaolomouc.cz\/?p=7749","title":{"rendered":"Sout\u011b\u017ee dru\u017estev dosp\u011bl\u00fdch"},"content":{"rendered":"<p style=\"text-align: justify;\">O tomto v\u00edkendu n\u00e1s op\u011bt \u010dek\u00e1 3. kolo I. a II. ligy mu\u017e\u016f a \u017een a 2. kolo Extraligy mu\u017e\u016f a \u017een.<\/p>\n<p style=\"text-align: justify;\"><!--more--><\/p>\n<p style=\"text-align: justify;\"><strong>I. liga<\/strong><br \/>V sobotu 11.6.2016 prob\u011bhne v T\u0159inci 3. kolo I. ligy mu\u017e\u016f a \u017een. Odjezd je napl\u00e1novan\u00fd na 7:00 hodin z parkovi\u0161t\u011b TJ Lokomotiva Olomouc. Propozice najdete <a href=\"http:\/\/www.atletika.cz\/propozice1\/3-kolo-i-ligy-muzu-a-zen-skupina-c2\" target=\"_blank\">zde<\/a>.<\/p>\n<p style=\"text-align: justify;\"><strong>II. liga<\/strong><br \/>V sobotu 11.6.2016 prob\u011bhne tak\u00e9 3. kolo II. ligy mu\u017e\u016f v Hranic\u00edch. Olomouck\u00e9 B\u00e9\u010dko m\u00e1 sraz v 8:00 hodin na parkovi\u0161ti, odjezd bude v 8:15 s v\u00fdpravou ze \u0160ternberka. Propozice <a href=\"http:\/\/www.atletika.cz\/propozice1\/3-kolo-ii-ligy-muzu-a-zen-skupina-e2\" target=\"_blank\">zde<\/a>. Zpravodaj <a href=\"http:\/\/www.atletikaolomouc.cz\/wp-content\/uploads\/2016\/06\/Zpravodaj-II.ligy-\u010d.3-2016.pdf\" target=\"_blank\">zde<\/a>.<\/p>\n<p style=\"text-align: justify;\"><strong>Extraliga<\/strong><br \/> Po \u00fasp\u011b\u0161n\u00e9m vystoupen\u00ed mu\u017e\u016f AK Olomouc na 1. kole extraligy pokra\u010dujeme 2. kolem ji\u017e tuto ned\u011bli 12.6.2016 v Kol\u00edn\u011b!!! Odjezd autobusu je v ned\u011bli v 6:20 hod. ze stadionu AK Olomouc. Nezapome\u0148te dresy, extraligov\u00e1 tri\u010dka, \u010d\u00edsla na z\u00e1vody, kter\u00e9 jste m\u011bli v Plzni a hlavn\u011b FORMU!!! Propozice <a href=\"http:\/\/www.atletika.cz\/propozice1\/2-kolo-extraligy-muzu-a-zen1\" target=\"_blank\">zde<\/a>.<\/p>\n","protected":false},"excerpt":{"rendered":"<p>O tomto v\u00edkendu n\u00e1s op\u011bt \u010dek\u00e1 3. kolo I. a II. ligy mu\u017e\u016f a \u017een a 2. kolo Extraligy mu\u017e\u016f a \u017een.<\/p>\n","protected":false},"author":4,"featured_media":7576,"comment_status":"closed","ping_status":"closed","sticky":false,"template":"","format":"standard","meta":{"ngg_post_thumbnail":0},"categories":[6,37,8,10],"tags":[],"_links":{"self":[{"href":"https:\/\/old.atletikaolomouc.cz\/index.php?rest_route=\/wp\/v2\/posts\/7749"}],"collection":[{"href":"https:\/\/old.atletikaolomouc.cz\/index.php?rest_route=\/wp\/v2\/posts"}],"about":[{"href":"https:\/\/old.atletikaolomouc.cz\/index.php?rest_route=\/wp\/v2\/types\/post"}],"author":[{"embeddable":true,"href":"https:\/\/old.atletikaolomouc.cz\/index.php?rest_route=\/wp\/v2\/users\/4"}],"replies":[{"embeddable":true,"href":"https:\/\/old.atletikaolomouc.cz\/index.php?rest_route=%2Fwp%2Fv2%2Fcomments&post=7749"}],"version-history":[{"count":2,"href":"https:\/\/old.atletikaolomouc.cz\/index.php?rest_route=\/wp\/v2\/posts\/7749\/revisions"}],"predecessor-version":[{"id":7930,"href":"https:\/\/old.atletikaolomouc.cz\/index.php?rest_route=\/wp\/v2\/posts\/7749\/revisions\/7930"}],"wp:featuredmedia":[{"embeddable":true,"href":"https:\/\/old.atletikaolomouc.cz\/index.php?rest_route=\/wp\/v2\/media\/7576"}],"wp:attachment":[{"href":"https:\/\/old.atletikaolomouc.cz\/index.php?rest_route=%2Fwp%2Fv2%2Fmedia&parent=7749"}],"wp:term":[{"taxonomy":"category","embeddable":true,"href":"https:\/\/old.atletikaolomouc.cz\/index.php?rest_route=%2Fwp%2Fv2%2Fcategories&post=7749"},{"taxonomy":"post_tag","embeddable":true,"href":"https:\/\/old.atletikaolomouc.cz\/index.php?rest_route=%2Fwp%2Fv2%2Ftags&post=7749"}],"curies":[{"name":"wp","href":"https:\/\/api.w.org\/{rel}","templated":true}]}}