{"id":7764,"date":"2016-06-13T13:48:26","date_gmt":"2016-06-13T11:48:26","guid":{"rendered":"http:\/\/www.atletikaolomouc.cz\/?p=7764"},"modified":"2016-06-13T13:48:27","modified_gmt":"2016-06-13T11:48:27","slug":"2-kolo-zavodu-atletickych-skolek","status":"publish","type":"post","link":"https:\/\/old.atletikaolomouc.cz\/?p=7764","title":{"rendered":"2. kolo z\u00e1vod\u016f atletick\u00fdch \u0161kolek"},"content":{"rendered":"<p>P\u0159ipom\u00edn\u00e1me, \u017ee se ve st\u0159edu 15. 6. kon\u00e1 na atletick\u00e9m stadionu 2. kolo \u00a0z\u00e1vodu d\u011bt\u00ed z atletick\u00fdch \u0161kolek.<!--more--><\/p>\n<p><strong>Term\u00edn:\u00a0<\/strong>\u00a0st\u0159eda 15. 6. od 16:00 hodin.<\/p>\n<p><strong>Z\u00e1vod\u00ed:<\/strong>\u00a0d\u011bti ro\u010dn\u00edk\u016f narozen\u00ed 2011 a 2010 z atletick\u00fdch \u0161kolek AK Olomouc. Starty ostatn\u00edch d\u011bt\u00ed budou umo\u017en\u011bny v omezen\u00e9m m\u00ed\u0159e po domluv\u011b u registrace.<\/p>\n<p><strong>M\u00edsto kon\u00e1n\u00ed:<\/strong>\u00a0Atletick\u00fd stadion Olomouc, T\u0159\u00edda 17. listopadu 3<\/p>\n<p><strong>P\u0159ihl\u00e1\u0161ky:<\/strong>\u00a0na m\u00edst\u011b od 15:00 do 15:45<\/p>\n<p><strong>Discipl\u00edny:<\/strong>\u00a0\u00a0 20m, d\u00e1lka z m\u00edsta, hod tenis\u00e1kem, skok dalek\u00fd, p\u0159ek\u00e1\u017ekov\u00e1 dr\u00e1ha, p\u0159eskoky \u2013 budou hodnoceny jako v\u00edceboj<\/p>\n<p><strong>Organizace:\u00a0\u00a0\u00a0<\/strong>d\u011bti se rozd\u011bl\u00ed do skupin a budou tren\u00e9ry odv\u00e1d\u011bny k jednotliv\u00fdm discipl\u00edn\u00e1m<\/p>\n<p><strong>Vyhodnocen\u00ed:\u00a0\u00a0<\/strong>t\u0159i nejlep\u0161\u00ed dost\u00e1vaj\u00ed diplom a medaili. Ka\u017ed\u00fd \u00fa\u010dastn\u00edk z\u00e1vodu obdr\u017e\u00ed sladkou odm\u011bnu. Vyhla\u0161ov\u00e1n\u00ed prob\u011bhne ihned po skon\u010den\u00ed z\u00e1vodu.<\/p>\n<p><strong>T\u011b\u0161\u00edme se na Va\u0161i \u00fa\u010dast.<\/strong><\/p>\n<div>\u00a0<\/div>\n","protected":false},"excerpt":{"rendered":"<p>P\u0159ipom\u00edn\u00e1me, \u017ee se ve st\u0159edu 15. 6. kon\u00e1 na atletick\u00e9m stadionu 2. kolo \u00a0z\u00e1vodu d\u011bt\u00ed z atletick\u00fdch \u0161kolek.<\/p>\n","protected":false},"author":10,"featured_media":7765,"comment_status":"closed","ping_status":"closed","sticky":false,"template":"","format":"standard","meta":{"ngg_post_thumbnail":0},"categories":[5,37,25,19],"tags":[],"_links":{"self":[{"href":"https:\/\/old.atletikaolomouc.cz\/index.php?rest_route=\/wp\/v2\/posts\/7764"}],"collection":[{"href":"https:\/\/old.atletikaolomouc.cz\/index.php?rest_route=\/wp\/v2\/posts"}],"about":[{"href":"https:\/\/old.atletikaolomouc.cz\/index.php?rest_route=\/wp\/v2\/types\/post"}],"author":[{"embeddable":true,"href":"https:\/\/old.atletikaolomouc.cz\/index.php?rest_route=\/wp\/v2\/users\/10"}],"replies":[{"embeddable":true,"href":"https:\/\/old.atletikaolomouc.cz\/index.php?rest_route=%2Fwp%2Fv2%2Fcomments&post=7764"}],"version-history":[{"count":2,"href":"https:\/\/old.atletikaolomouc.cz\/index.php?rest_route=\/wp\/v2\/posts\/7764\/revisions"}],"predecessor-version":[{"id":7767,"href":"https:\/\/old.atletikaolomouc.cz\/index.php?rest_route=\/wp\/v2\/posts\/7764\/revisions\/7767"}],"wp:featuredmedia":[{"embeddable":true,"href":"https:\/\/old.atletikaolomouc.cz\/index.php?rest_route=\/wp\/v2\/media\/7765"}],"wp:attachment":[{"href":"https:\/\/old.atletikaolomouc.cz\/index.php?rest_route=%2Fwp%2Fv2%2Fmedia&parent=7764"}],"wp:term":[{"taxonomy":"category","embeddable":true,"href":"https:\/\/old.atletikaolomouc.cz\/index.php?rest_route=%2Fwp%2Fv2%2Fcategories&post=7764"},{"taxonomy":"post_tag","embeddable":true,"href":"https:\/\/old.atletikaolomouc.cz\/index.php?rest_route=%2Fwp%2Fv2%2Ftags&post=7764"}],"curies":[{"name":"wp","href":"https:\/\/api.w.org\/{rel}","templated":true}]}}