{"id":7777,"date":"2016-06-15T11:25:19","date_gmt":"2016-06-15T09:25:19","guid":{"rendered":"http:\/\/www.atletikaolomouc.cz\/?p=7777"},"modified":"2016-08-30T19:23:21","modified_gmt":"2016-08-30T17:23:21","slug":"tazeni-ligovych-druzstev","status":"publish","type":"post","link":"https:\/\/old.atletikaolomouc.cz\/?p=7777","title":{"rendered":"\u00dasp\u011b\u0161n\u00e9 ta\u017een\u00ed ligov\u00fdch dru\u017estev"},"content":{"rendered":"<p style=\"text-align: justify;\">O v\u00edkendu 11.-12.6.2016 prob\u011bhla kola Extraligy, I. a II. ligy mu\u017e\u016f a \u017een. Olomouck\u00e1 dru\u017estva v nich bojovala o postupov\u00e9 p\u0159\u00ed\u010dky.<\/p>\n<p><!--more--><\/p>\n<p style=\"text-align: justify;\">V ned\u011bli 12.6.2016 prob\u011bhlo v Kol\u00edn\u011b 2. kolo Extraligy mu\u017e\u016f a \u017een. Olomouck\u00e9 dru\u017estvo mu\u017e\u016f p\u0159i sv\u00e9m premi\u00e9rov\u00e9m startu v nejvy\u0161\u0161\u00ed ligov\u00e9 sout\u011b\u017ei obsadilo op\u011bt 5. m\u00edsto a zajistilo si tak postup na Mistrovstv\u00ed \u010cR dru\u017estev mu\u017e\u016f a \u017een. Za zm\u00ednku stoj\u00ed fantastick\u00fdch 22 bod\u016f ze sprintu na 100 m. V\u011b\u0159\u00edme, \u017ee na M\u010cR budeme bojovat o co nejlep\u0161\u00ed um\u00edst\u011bn\u00ed a \u017ee se v Extralize udr\u017e\u00edme i pro p\u0159\u00ed\u0161t\u00ed rok.<\/p>\n<ul>\n<li>V\u00fdsledky z 2. kola Extraligy mu\u017e\u016f a \u017een &#8211; <a href=\"http:\/\/online.atletika.cz\/vysledky.aspx?idk=26330\" target=\"_blank\">zde<\/a><\/li>\n<\/ul>\n<p style=\"text-align: justify;\">V sobotu 11.6.2016 se v T\u0159inci konalo 3. kolo I. ligy mu\u017e\u016f a \u017een. Olomouck\u00e9 \u017eeny obsadily ziskem 132 bod\u016f 5. m\u00edsto a v celkov\u00e9m po\u0159ad\u00ed po t\u0159ech kolech dr\u017e\u00ed 3. p\u0159\u00ed\u010dku.<\/p>\n<ul>\n<li>V\u00fdsledky z 3. kola I. ligy mu\u017e\u016f a \u017een &#8211; <a href=\"http:\/\/online.atletika.cz\/vysledky.aspx?idk=26397\" target=\"_blank\">zde<\/a><\/li>\n<li>Zpravodaj dru\u017estva \u017een &#8211; <a href=\"http:\/\/www.atletikaolomouc.cz\/wp-content\/uploads\/2016\/06\/zpravodaj-zeny-4-16.pdf\" target=\"_blank\">zde<\/a><\/li>\n<\/ul>\n<p style=\"text-align: justify;\">V Hranic\u00edch se pak konalo 3. kolo II. ligy mu\u017e\u016f a \u017een. Mu\u017esk\u00e1 rezerva obsadila 4. m\u00edsto a po z\u00e1kladn\u00edch t\u0159ech kolech zat\u00edm dr\u017e\u00ed postupovou \u010dtvrtou p\u0159\u00ed\u010dku do bar\u00e1\u017ee o I. ligu. V posledn\u00edm z\u00e1v\u011bre\u010dn\u00e9m kole j\u00ed snad udr\u017e\u00edme.<\/p>\n<ul>\n<li>V\u00fdsledky z 3. kola II. ligy mu\u017e\u016f a \u017een &#8211; <a href=\"http:\/\/online.atletika.cz\/vysledky.aspx?idk=26848\" target=\"_blank\">zde<\/a><\/li>\n<\/ul>\n","protected":false},"excerpt":{"rendered":"<p>O v\u00edkendu 11.-12.6.2016 prob\u011bhla kola Extraligy, I. a II. ligy mu\u017e\u016f a \u017een. Olomouck\u00e1 dru\u017estva v nich bojovala o postupov\u00e9 p\u0159\u00ed\u010dky.<\/p>\n","protected":false},"author":4,"featured_media":7779,"comment_status":"closed","ping_status":"closed","sticky":false,"template":"","format":"standard","meta":{"ngg_post_thumbnail":0},"categories":[6,37,8,10],"tags":[],"_links":{"self":[{"href":"https:\/\/old.atletikaolomouc.cz\/index.php?rest_route=\/wp\/v2\/posts\/7777"}],"collection":[{"href":"https:\/\/old.atletikaolomouc.cz\/index.php?rest_route=\/wp\/v2\/posts"}],"about":[{"href":"https:\/\/old.atletikaolomouc.cz\/index.php?rest_route=\/wp\/v2\/types\/post"}],"author":[{"embeddable":true,"href":"https:\/\/old.atletikaolomouc.cz\/index.php?rest_route=\/wp\/v2\/users\/4"}],"replies":[{"embeddable":true,"href":"https:\/\/old.atletikaolomouc.cz\/index.php?rest_route=%2Fwp%2Fv2%2Fcomments&post=7777"}],"version-history":[{"count":6,"href":"https:\/\/old.atletikaolomouc.cz\/index.php?rest_route=\/wp\/v2\/posts\/7777\/revisions"}],"predecessor-version":[{"id":7783,"href":"https:\/\/old.atletikaolomouc.cz\/index.php?rest_route=\/wp\/v2\/posts\/7777\/revisions\/7783"}],"wp:featuredmedia":[{"embeddable":true,"href":"https:\/\/old.atletikaolomouc.cz\/index.php?rest_route=\/wp\/v2\/media\/7779"}],"wp:attachment":[{"href":"https:\/\/old.atletikaolomouc.cz\/index.php?rest_route=%2Fwp%2Fv2%2Fmedia&parent=7777"}],"wp:term":[{"taxonomy":"category","embeddable":true,"href":"https:\/\/old.atletikaolomouc.cz\/index.php?rest_route=%2Fwp%2Fv2%2Fcategories&post=7777"},{"taxonomy":"post_tag","embeddable":true,"href":"https:\/\/old.atletikaolomouc.cz\/index.php?rest_route=%2Fwp%2Fv2%2Ftags&post=7777"}],"curies":[{"name":"wp","href":"https:\/\/api.w.org\/{rel}","templated":true}]}}