{"id":7785,"date":"2016-06-16T08:19:24","date_gmt":"2016-06-16T06:19:24","guid":{"rendered":"http:\/\/www.atletikaolomouc.cz\/?p=7785"},"modified":"2016-06-16T08:19:24","modified_gmt":"2016-06-16T06:19:24","slug":"proprsene-2-kolo-zavodu-atletickych-skolek","status":"publish","type":"post","link":"https:\/\/old.atletikaolomouc.cz\/?p=7785","title":{"rendered":"Propr\u0161en\u00e9 2. kolo z\u00e1vod\u016f atletick\u00fdch \u0161kolek"},"content":{"rendered":"<p>Za de\u0161tiv\u00e9ho a sychrav\u00e9ho po\u010das\u00ed se dne 15. 6. 2016 konalo druh\u00e9 kolo z\u00e1vod\u016f pro atletick\u00e9 \u0161kolky.<!--more-->D\u011bti op\u011bt sout\u011b\u017eily v \u0161esti discipl\u00edn\u00e1ch a to hodu tenis\u00e1kem, skoku z m\u00edsta, skoku do d\u00e1lky, sprintu na 20m, p\u0159ek\u00e1\u017ekov\u00e9ho b\u011bhu a v p\u0159eskoc\u00edch p\u0159es p\u0159ek\u00e1\u017eku. Cel\u00e1 sout\u011b\u017e byla hodnocena jako v\u00edceboj.<\/p>\n<p>V\u0161echny d\u011bti, kter\u00e9 zvl\u00e1dly n\u00e1ro\u010dn\u00e9 z\u00e1vody i za nep\u0159\u00edzniv\u00e9ho po\u010das\u00ed si od n\u00e1s zaslou\u017e\u00ed pochvalu!<\/p>\n<p>D\u011bkujeme za \u00fa\u010dast a t\u011b\u0161\u00edme se na p\u0159\u00ed\u0161t\u00ed ro\u010dn\u00edk.<\/p>\n<p>V\u00fdsledky dostupn\u00e9 <a title=\"Atletick\u00e9 \u0161kolky 2. kolo 2016\" href=\"http:\/\/www.atletikaolomouc.cz\/wp-content\/uploads\/2016\/06\/atleticka-skolka-vysledky-2.-kolo.pdf\" target=\"_blank\">zde.<\/a><\/p>\n","protected":false},"excerpt":{"rendered":"<p>Za de\u0161tiv\u00e9ho a sychrav\u00e9ho po\u010das\u00ed se dne 15. 6. 2016 konalo druh\u00e9 kolo z\u00e1vod\u016f pro atletick\u00e9 \u0161kolky.<\/p>\n","protected":false},"author":10,"featured_media":7786,"comment_status":"closed","ping_status":"closed","sticky":false,"template":"","format":"standard","meta":{"ngg_post_thumbnail":0},"categories":[5,6,37,25,19],"tags":[],"_links":{"self":[{"href":"https:\/\/old.atletikaolomouc.cz\/index.php?rest_route=\/wp\/v2\/posts\/7785"}],"collection":[{"href":"https:\/\/old.atletikaolomouc.cz\/index.php?rest_route=\/wp\/v2\/posts"}],"about":[{"href":"https:\/\/old.atletikaolomouc.cz\/index.php?rest_route=\/wp\/v2\/types\/post"}],"author":[{"embeddable":true,"href":"https:\/\/old.atletikaolomouc.cz\/index.php?rest_route=\/wp\/v2\/users\/10"}],"replies":[{"embeddable":true,"href":"https:\/\/old.atletikaolomouc.cz\/index.php?rest_route=%2Fwp%2Fv2%2Fcomments&post=7785"}],"version-history":[{"count":2,"href":"https:\/\/old.atletikaolomouc.cz\/index.php?rest_route=\/wp\/v2\/posts\/7785\/revisions"}],"predecessor-version":[{"id":7789,"href":"https:\/\/old.atletikaolomouc.cz\/index.php?rest_route=\/wp\/v2\/posts\/7785\/revisions\/7789"}],"wp:featuredmedia":[{"embeddable":true,"href":"https:\/\/old.atletikaolomouc.cz\/index.php?rest_route=\/wp\/v2\/media\/7786"}],"wp:attachment":[{"href":"https:\/\/old.atletikaolomouc.cz\/index.php?rest_route=%2Fwp%2Fv2%2Fmedia&parent=7785"}],"wp:term":[{"taxonomy":"category","embeddable":true,"href":"https:\/\/old.atletikaolomouc.cz\/index.php?rest_route=%2Fwp%2Fv2%2Fcategories&post=7785"},{"taxonomy":"post_tag","embeddable":true,"href":"https:\/\/old.atletikaolomouc.cz\/index.php?rest_route=%2Fwp%2Fv2%2Ftags&post=7785"}],"curies":[{"name":"wp","href":"https:\/\/api.w.org\/{rel}","templated":true}]}}