{"id":7806,"date":"2016-06-23T13:46:59","date_gmt":"2016-06-23T11:46:59","guid":{"rendered":"http:\/\/www.atletikaolomouc.cz\/?p=7806"},"modified":"2016-06-23T13:46:59","modified_gmt":"2016-06-23T11:46:59","slug":"finale-souteze-druzstev-atletickych-pripravek","status":"publish","type":"post","link":"https:\/\/old.atletikaolomouc.cz\/?p=7806","title":{"rendered":"Fin\u00e1le sout\u011b\u017ee dru\u017estev atletick\u00fdch p\u0159\u00edpravek"},"content":{"rendered":"<p style=\"text-align: justify;\">Za kr\u00e1sn\u00e9ho slune\u010dn\u00e9ho po\u010das\u00ed se ve st\u0159edu 22.\u00a06. 2016 konalo na dom\u00e1c\u00edm stadionu v\u00a0Olomouci t\u0159et\u00ed a z\u00e1rove\u0148 fin\u00e1lov\u00e9 kolo krajsk\u00e9ho p\u0159eboru dru\u017estev atletick\u00fdch p\u0159\u00edpravek.<!--more--><\/p>\n<p style=\"text-align: justify;\"><strong>JE TO TAM!!!\u00a0<\/strong>Bylo to drama a\u017e do posledn\u00ed chv\u00edle. V\u0161echny t\u0159i kola sout\u011b\u017ee byly neskute\u010dn\u011b vyrovnan\u00e9. Na dom\u00e1c\u00edm posledn\u00edm kole jsme se v\u0161ak se\u0161li v\u00a0nejsiln\u011bj\u0161\u00ed mo\u017en\u00e9 sestav\u011b a bylo to zn\u00e1t. Bylo k vid\u011bn\u00ed spoustu p\u011bkn\u00fdch v\u00fdkon\u016f a padlo i nespo\u010detn\u011b osobn\u00edch rekord\u016f. \u00a0D\u00edvky i chlapci v\u00a0tomto kole s\u00a0p\u0159ehledem vyhr\u00e1li! D\u00edvky se tedy po rozpa\u010dit\u00e9m za\u010d\u00e1tku v prvn\u00edm kole um\u00edstily celkov\u011b v sout\u011b\u017ei na p\u011bkn\u00e9m t\u0159et\u00edm m\u00edst\u011b a kluci obh\u00e1jili lo\u0148sk\u00e9 prvenstv\u00ed! Gratulujeme! Na \u00fasp\u011bchu dru\u017estva se pod\u00edleli v\u0161ichni \u00fa\u010dastn\u00edci. Cht\u011bl bych v\u0161em pod\u011bkovat za\u00a0zodpov\u011bdn\u00fd p\u0159\u00edstup k\u00a0z\u00e1vod\u016fm a vzornou reprezentaci Atletick\u00e9ho klubu Olomouc.<\/p>\n<p style=\"text-align: justify;\">Kompletn\u00ed v\u00fdsledky jsou dostupn\u00e9 <a title=\"Kompletn\u00ed v\u00fdsledky 3. kola KPD p\u0159\u00edpravek 22.6.2016 Olomouc\" href=\"http:\/\/online.atletika.cz\/vysledky.aspx?idk=27192\" target=\"_blank\">zde.<\/a><\/p>\n<p style=\"text-align: justify;\">Bodov\u00e1n\u00ed jednotlivc\u016f ve v\u0161ech kolech <a title=\"Bodov\u00e1n\u00ed jednotlivc\u016f 3. kolo KPD p\u0159\u00edpravek 2016\" href=\"http:\/\/www.atletikaolomouc.cz\/wp-content\/uploads\/2016\/06\/Bodov\u00e1n\u00ed-jednotlivc\u016f-3.-kolo-KPD-p\u0159\u00edpravek-2016.pdf\" target=\"_blank\">zde.<\/a><\/p>\n<p style=\"text-align: justify;\">Zpravodaj dru\u017estva <a title=\"Zpravodaj dru\u017estva p\u0159\u00edpravek 3. kolo\" href=\"http:\/\/www.atletikaolomouc.cz\/wp-content\/uploads\/2016\/06\/Zpravodaj-po-3.-kole.pdf\" target=\"_blank\">zde.<\/a><\/p>\n<p style=\"text-align: justify;\">\u00a0<\/p>\n<p style=\"text-align: justify;\">Fotky medailist\u016f ze t\u0159et\u00edho kola:<\/p>\n<div class=\"g-post\" data-href=\"https:\/\/plus.google.com\/103752916514328530520\/posts\/faZB46sJ2fU\"><\/div \n\n","protected":false},"excerpt":{"rendered":"<p>Za kr\u00e1sn\u00e9ho slune\u010dn\u00e9ho po\u010das\u00ed se ve st\u0159edu 22.\u00a06. 2016 konalo na dom\u00e1c\u00edm stadionu v\u00a0Olomouci t\u0159et\u00ed a z\u00e1rove\u0148 fin\u00e1lov\u00e9 kolo krajsk\u00e9ho p\u0159eboru dru\u017estev atletick\u00fdch p\u0159\u00edpravek.<\/p>\n","protected":false},"author":10,"featured_media":7807,"comment_status":"closed","ping_status":"closed","sticky":false,"template":"","format":"standard","meta":{"ngg_post_thumbnail":0},"categories":[5,6,37,25,19],"tags":[],"_links":{"self":[{"href":"https:\/\/old.atletikaolomouc.cz\/index.php?rest_route=\/wp\/v2\/posts\/7806"}],"collection":[{"href":"https:\/\/old.atletikaolomouc.cz\/index.php?rest_route=\/wp\/v2\/posts"}],"about":[{"href":"https:\/\/old.atletikaolomouc.cz\/index.php?rest_route=\/wp\/v2\/types\/post"}],"author":[{"embeddable":true,"href":"https:\/\/old.atletikaolomouc.cz\/index.php?rest_route=\/wp\/v2\/users\/10"}],"replies":[{"embeddable":true,"href":"https:\/\/old.atletikaolomouc.cz\/index.php?rest_route=%2Fwp%2Fv2%2Fcomments&post=7806"}],"version-history":[{"count":5,"href":"https:\/\/old.atletikaolomouc.cz\/index.php?rest_route=\/wp\/v2\/posts\/7806\/revisions"}],"predecessor-version":[{"id":7814,"href":"https:\/\/old.atletikaolomouc.cz\/index.php?rest_route=\/wp\/v2\/posts\/7806\/revisions\/7814"}],"wp:featuredmedia":[{"embeddable":true,"href":"https:\/\/old.atletikaolomouc.cz\/index.php?rest_route=\/wp\/v2\/media\/7807"}],"wp:attachment":[{"href":"https:\/\/old.atletikaolomouc.cz\/index.php?rest_route=%2Fwp%2Fv2%2Fmedia&parent=7806"}],"wp:term":[{"taxonomy":"category","embeddable":true,"href":"https:\/\/old.atletikaolomouc.cz\/index.php?rest_route=%2Fwp%2Fv2%2Fcategories&post=7806"},{"taxonomy":"post_tag","embeddable":true,"href":"https:\/\/old.atletikaolomouc.cz\/index.php?rest_route=%2Fwp%2Fv2%2Ftags&post=7806"}],"curies":[{"name":"wp","href":"https:\/\/api.w.org\/{rel}","templated":true}]}}