{"id":7876,"date":"2016-08-07T11:49:50","date_gmt":"2016-08-07T09:49:50","guid":{"rendered":"http:\/\/www.atletikaolomouc.cz\/?p=7876"},"modified":"2016-08-07T11:49:50","modified_gmt":"2016-08-07T09:49:50","slug":"atleticky-tabor-trio-2016","status":"publish","type":"post","link":"https:\/\/old.atletikaolomouc.cz\/?p=7876","title":{"rendered":"Atletick\u00fd t\u00e1bor Trio 2016"},"content":{"rendered":"<p style=\"text-align: justify;\">Na\u0161i mal\u00ed atleti z atletick\u00fdch p\u0159\u00edpravek nezah\u00e1l\u00ed ani o letn\u00edch pr\u00e1zdnin\u00e1ch. V term\u00ednu 30. 7. a\u017e 8. 8. se 65 z nich z\u00fa\u010dastnilo tradi\u010dn\u00edho atletick\u00e9ho t\u00e1boru v T\u0159eme\u0161ku u Oskavy. Po\u010das\u00ed n\u00e1m a\u017e na drobn\u00e9 p\u0159eh\u00e1\u0148ky op\u011bt p\u0159\u00e1lo. T\u00fdden pln\u00fd z\u00e1bavy, sportu a celot\u00e1borov\u00fdch her si d\u011bti spolu s 9 vedouc\u00edmi, dle m\u00e9ho n\u00e1zoru, velice u\u017eily.<!--more--><\/p>\n<p>Posu\u010fte sami shl\u00e9dnut\u00edm slideshow momentek z t\u00e1boru:<\/p>\n<p><iframe loading=\"lazy\" width=\"560\" height=\"315\" src=\"https:\/\/www.youtube.com\/embed\/gcQsU-8ylWM?rel=0\" frameborder=\"0\" allowfullscreen><\/iframe><\/p>\n<p>P\u0159ejeme p\u0159\u00edjemn\u00e9 pro\u017eit\u00ed zbytku letn\u00edch pr\u00e1zdnin a t\u011b\u0161\u00edme se na p\u0159\u00ed\u0161t\u00ed ro\u010dn\u00edk!!!<\/p>\n","protected":false},"excerpt":{"rendered":"<p>Na\u0161i mal\u00ed atleti z atletick\u00fdch p\u0159\u00edpravek nezah\u00e1l\u00ed ani o letn\u00edch pr\u00e1zdnin\u00e1ch. V term\u00ednu 30. 7. a\u017e 8. 8. se 65 z nich z\u00fa\u010dastnilo tradi\u010dn\u00edho atletick\u00e9ho t\u00e1boru v T\u0159eme\u0161ku u Oskavy. Po\u010das\u00ed n\u00e1m a\u017e na drobn\u00e9 p\u0159eh\u00e1\u0148ky op\u011bt p\u0159\u00e1lo. T\u00fdden pln\u00fd &hellip; <a href=\"https:\/\/old.atletikaolomouc.cz\/?p=7876\">Continue reading <span class=\"meta-nav\">&rarr;<\/span><\/a><\/p>\n","protected":false},"author":10,"featured_media":7877,"comment_status":"closed","ping_status":"closed","sticky":false,"template":"","format":"standard","meta":{"ngg_post_thumbnail":0},"categories":[5,37,25,19],"tags":[],"_links":{"self":[{"href":"https:\/\/old.atletikaolomouc.cz\/index.php?rest_route=\/wp\/v2\/posts\/7876"}],"collection":[{"href":"https:\/\/old.atletikaolomouc.cz\/index.php?rest_route=\/wp\/v2\/posts"}],"about":[{"href":"https:\/\/old.atletikaolomouc.cz\/index.php?rest_route=\/wp\/v2\/types\/post"}],"author":[{"embeddable":true,"href":"https:\/\/old.atletikaolomouc.cz\/index.php?rest_route=\/wp\/v2\/users\/10"}],"replies":[{"embeddable":true,"href":"https:\/\/old.atletikaolomouc.cz\/index.php?rest_route=%2Fwp%2Fv2%2Fcomments&post=7876"}],"version-history":[{"count":6,"href":"https:\/\/old.atletikaolomouc.cz\/index.php?rest_route=\/wp\/v2\/posts\/7876\/revisions"}],"predecessor-version":[{"id":7883,"href":"https:\/\/old.atletikaolomouc.cz\/index.php?rest_route=\/wp\/v2\/posts\/7876\/revisions\/7883"}],"wp:featuredmedia":[{"embeddable":true,"href":"https:\/\/old.atletikaolomouc.cz\/index.php?rest_route=\/wp\/v2\/media\/7877"}],"wp:attachment":[{"href":"https:\/\/old.atletikaolomouc.cz\/index.php?rest_route=%2Fwp%2Fv2%2Fmedia&parent=7876"}],"wp:term":[{"taxonomy":"category","embeddable":true,"href":"https:\/\/old.atletikaolomouc.cz\/index.php?rest_route=%2Fwp%2Fv2%2Fcategories&post=7876"},{"taxonomy":"post_tag","embeddable":true,"href":"https:\/\/old.atletikaolomouc.cz\/index.php?rest_route=%2Fwp%2Fv2%2Ftags&post=7876"}],"curies":[{"name":"wp","href":"https:\/\/api.w.org\/{rel}","templated":true}]}}