{"id":7919,"date":"2016-08-30T15:13:56","date_gmt":"2016-08-30T13:13:56","guid":{"rendered":"http:\/\/www.atletikaolomouc.cz\/?p=7919"},"modified":"2016-08-30T19:21:53","modified_gmt":"2016-08-30T17:21:53","slug":"4-kolo-ii-ligy-muzu-2","status":"publish","type":"post","link":"https:\/\/old.atletikaolomouc.cz\/?p=7919","title":{"rendered":"4. kolo II. ligy mu\u017e\u016f"},"content":{"rendered":"<p>V sobotu 3. z\u00e1\u0159\u00ed se v \u0160umperku kon\u00e1 4. kolo II. ligy mu\u017e\u016f a \u017een. Odjezd olomouck\u00fdch z\u00e1vodn\u00edk\u016f je v 7:30 hodin z parkovi\u0161t\u011b AK Olomouc. Zpravodaj <a href=\"http:\/\/www.atletikaolomouc.cz\/wp-content\/uploads\/2016\/08\/Zpravodaj-II.ligy-\u010d.4-2016.pdf\" target=\"_blank\">zde<\/a>.<\/p>\n<p><!--more--><\/p>\n<p style=\"text-align: justify;\">M\u00e1me tady, p\u00e1nov\u00e9, z\u00e1v\u011bre\u010dn\u00e9 4. kolo II. ligy mu\u017e\u016f a m\u00ed\u0159\u00edme op\u011bt do \u0160umperka. Po pr\u00e1zdninov\u00e9 p\u0159est\u00e1vce, kdy jste v\u0161ichni jist\u011b poctiv\u011b tr\u00e9novali, je \u0159ada z\u00a0V\u00e1s hladov\u00e1 po z\u00e1vod\u011bn\u00ed a tak douf\u00e1m, \u017ee se sejdeme ve v\u011bt\u0161\u00edm po\u010dtu, kter\u00fd budeme moct naz\u00fdvat dru\u017estvem.\u00a0\u00a0 Pros\u00edm proto V\u00e1s a Va\u0161e tren\u00e9ry, nahlaste n\u00e1m co nejd\u0159\u00edve discipl\u00edny, kter\u00e9 p\u016fjdete na <a href=\"mailto:janbrtnik@email.cz\">janbrtnik@email.cz<\/a><\/p>\n","protected":false},"excerpt":{"rendered":"<p>V sobotu 3. z\u00e1\u0159\u00ed se v \u0160umperku kon\u00e1 4. kolo II. ligy mu\u017e\u016f a \u017een. Odjezd olomouck\u00fdch z\u00e1vodn\u00edk\u016f je v 7:30 hodin z parkovi\u0161t\u011b AK Olomouc. Zpravodaj zde.<\/p>\n","protected":false},"author":4,"featured_media":7921,"comment_status":"closed","ping_status":"closed","sticky":false,"template":"","format":"standard","meta":{"ngg_post_thumbnail":0},"categories":[6,37,9],"tags":[],"_links":{"self":[{"href":"https:\/\/old.atletikaolomouc.cz\/index.php?rest_route=\/wp\/v2\/posts\/7919"}],"collection":[{"href":"https:\/\/old.atletikaolomouc.cz\/index.php?rest_route=\/wp\/v2\/posts"}],"about":[{"href":"https:\/\/old.atletikaolomouc.cz\/index.php?rest_route=\/wp\/v2\/types\/post"}],"author":[{"embeddable":true,"href":"https:\/\/old.atletikaolomouc.cz\/index.php?rest_route=\/wp\/v2\/users\/4"}],"replies":[{"embeddable":true,"href":"https:\/\/old.atletikaolomouc.cz\/index.php?rest_route=%2Fwp%2Fv2%2Fcomments&post=7919"}],"version-history":[{"count":2,"href":"https:\/\/old.atletikaolomouc.cz\/index.php?rest_route=\/wp\/v2\/posts\/7919\/revisions"}],"predecessor-version":[{"id":7926,"href":"https:\/\/old.atletikaolomouc.cz\/index.php?rest_route=\/wp\/v2\/posts\/7919\/revisions\/7926"}],"wp:featuredmedia":[{"embeddable":true,"href":"https:\/\/old.atletikaolomouc.cz\/index.php?rest_route=\/wp\/v2\/media\/7921"}],"wp:attachment":[{"href":"https:\/\/old.atletikaolomouc.cz\/index.php?rest_route=%2Fwp%2Fv2%2Fmedia&parent=7919"}],"wp:term":[{"taxonomy":"category","embeddable":true,"href":"https:\/\/old.atletikaolomouc.cz\/index.php?rest_route=%2Fwp%2Fv2%2Fcategories&post=7919"},{"taxonomy":"post_tag","embeddable":true,"href":"https:\/\/old.atletikaolomouc.cz\/index.php?rest_route=%2Fwp%2Fv2%2Ftags&post=7919"}],"curies":[{"name":"wp","href":"https:\/\/api.w.org\/{rel}","templated":true}]}}