{"id":8058,"date":"2016-10-18T09:03:19","date_gmt":"2016-10-18T07:03:19","guid":{"rendered":"http:\/\/www.atletikaolomouc.cz\/?p=8058"},"modified":"2016-10-18T09:03:19","modified_gmt":"2016-10-18T07:03:19","slug":"podzimni-prazdniny","status":"publish","type":"post","link":"https:\/\/old.atletikaolomouc.cz\/?p=8058","title":{"rendered":"Podzimn\u00ed pr\u00e1zdniny"},"content":{"rendered":"<p style=\"text-align: justify;\">P\u0159ipom\u00edn\u00e1me, \u017ee v dob\u011b \u0161koln\u00edch pr\u00e1zdnin a st\u00e1tn\u00edch sv\u00e1tk\u016f se tr\u00e9ninky atletick\u00fdch p\u0159\u00edpravek nekonaj\u00ed. Aktu\u00e1ln\u011b se tedy ru\u0161\u00ed tr\u00e9ninky v\u0161ech skupin atletick\u00fdch p\u0159\u00edpravek od st\u0159edy 26. 10. do p\u00e1tku 28. 10 v\u010detn\u011b.! P\u0159ejeme p\u011bkn\u00e9 a snad taky slunn\u00e9 podzimn\u00ed pr\u00e1zdniny!\u00a0<!--more--><\/p>\n","protected":false},"excerpt":{"rendered":"<p>P\u0159ipom\u00edn\u00e1me, \u017ee v dob\u011b \u0161koln\u00edch pr\u00e1zdnin a st\u00e1tn\u00edch sv\u00e1tk\u016f se tr\u00e9ninky atletick\u00fdch p\u0159\u00edpravek nekonaj\u00ed. Aktu\u00e1ln\u011b se tedy ru\u0161\u00ed tr\u00e9ninky v\u0161ech skupin atletick\u00fdch p\u0159\u00edpravek od st\u0159edy 26. 10. do p\u00e1tku 28. 10 v\u010detn\u011b.! P\u0159ejeme p\u011bkn\u00e9 a snad taky slunn\u00e9 podzimn\u00ed pr\u00e1zdniny!\u00a0<\/p>\n","protected":false},"author":10,"featured_media":6528,"comment_status":"closed","ping_status":"closed","sticky":false,"template":"","format":"standard","meta":{"ngg_post_thumbnail":0},"categories":[5,6,25,19],"tags":[],"_links":{"self":[{"href":"https:\/\/old.atletikaolomouc.cz\/index.php?rest_route=\/wp\/v2\/posts\/8058"}],"collection":[{"href":"https:\/\/old.atletikaolomouc.cz\/index.php?rest_route=\/wp\/v2\/posts"}],"about":[{"href":"https:\/\/old.atletikaolomouc.cz\/index.php?rest_route=\/wp\/v2\/types\/post"}],"author":[{"embeddable":true,"href":"https:\/\/old.atletikaolomouc.cz\/index.php?rest_route=\/wp\/v2\/users\/10"}],"replies":[{"embeddable":true,"href":"https:\/\/old.atletikaolomouc.cz\/index.php?rest_route=%2Fwp%2Fv2%2Fcomments&post=8058"}],"version-history":[{"count":4,"href":"https:\/\/old.atletikaolomouc.cz\/index.php?rest_route=\/wp\/v2\/posts\/8058\/revisions"}],"predecessor-version":[{"id":8062,"href":"https:\/\/old.atletikaolomouc.cz\/index.php?rest_route=\/wp\/v2\/posts\/8058\/revisions\/8062"}],"wp:featuredmedia":[{"embeddable":true,"href":"https:\/\/old.atletikaolomouc.cz\/index.php?rest_route=\/wp\/v2\/media\/6528"}],"wp:attachment":[{"href":"https:\/\/old.atletikaolomouc.cz\/index.php?rest_route=%2Fwp%2Fv2%2Fmedia&parent=8058"}],"wp:term":[{"taxonomy":"category","embeddable":true,"href":"https:\/\/old.atletikaolomouc.cz\/index.php?rest_route=%2Fwp%2Fv2%2Fcategories&post=8058"},{"taxonomy":"post_tag","embeddable":true,"href":"https:\/\/old.atletikaolomouc.cz\/index.php?rest_route=%2Fwp%2Fv2%2Ftags&post=8058"}],"curies":[{"name":"wp","href":"https:\/\/api.w.org\/{rel}","templated":true}]}}