{"id":8164,"date":"2016-12-06T08:20:41","date_gmt":"2016-12-06T07:20:41","guid":{"rendered":"http:\/\/www.atletikaolomouc.cz\/?p=8164"},"modified":"2016-12-06T08:20:41","modified_gmt":"2016-12-06T07:20:41","slug":"vanocni-prazdniny-3","status":"publish","type":"post","link":"https:\/\/old.atletikaolomouc.cz\/?p=8164","title":{"rendered":"V\u00e1no\u010dn\u00ed pr\u00e1zdniny"},"content":{"rendered":"<p style=\"text-align: justify;\">Tr\u00e9ninky atletick\u00fdch p\u0159\u00edpravek p\u0159ed V\u00e1no\u010dn\u00edmi pr\u00e1zdninami kon\u010d\u00ed ve st\u0159edu 14. 12. Ve \u010dtvrtek 15. 12. se pak je\u0161t\u011b kon\u00e1 V\u00e1no\u010dn\u00ed hala pro p\u0159\u00edpravky (pozv\u00e1nka na Va\u0161em emailu a na webu). Zah\u00e1jen\u00ed tr\u00e9nink\u016f v roce 2017 je v \u00fater\u00fd 3. 1. 2017.<!--more--><\/p>\n<p>P\u0159ejeme p\u0159\u00edjemn\u00e9 pro\u017eit\u00ed v\u00e1no\u010dn\u00edch sv\u00e1tk\u016f a hodn\u011b \u0161t\u011bst\u00ed v nov\u00e9m roce.<\/p>\n","protected":false},"excerpt":{"rendered":"<p>Tr\u00e9ninky atletick\u00fdch p\u0159\u00edpravek p\u0159ed V\u00e1no\u010dn\u00edmi pr\u00e1zdninami kon\u010d\u00ed ve st\u0159edu 14. 12. Ve \u010dtvrtek 15. 12. se pak je\u0161t\u011b kon\u00e1 V\u00e1no\u010dn\u00ed hala pro p\u0159\u00edpravky (pozv\u00e1nka na Va\u0161em emailu a na webu). Zah\u00e1jen\u00ed tr\u00e9nink\u016f v roce 2017 je v \u00fater\u00fd 3. 1. &hellip; <a href=\"https:\/\/old.atletikaolomouc.cz\/?p=8164\">Continue reading <span class=\"meta-nav\">&rarr;<\/span><\/a><\/p>\n","protected":false},"author":10,"featured_media":0,"comment_status":"closed","ping_status":"closed","sticky":false,"template":"","format":"standard","meta":{"ngg_post_thumbnail":0},"categories":[5,6,25,19],"tags":[],"_links":{"self":[{"href":"https:\/\/old.atletikaolomouc.cz\/index.php?rest_route=\/wp\/v2\/posts\/8164"}],"collection":[{"href":"https:\/\/old.atletikaolomouc.cz\/index.php?rest_route=\/wp\/v2\/posts"}],"about":[{"href":"https:\/\/old.atletikaolomouc.cz\/index.php?rest_route=\/wp\/v2\/types\/post"}],"author":[{"embeddable":true,"href":"https:\/\/old.atletikaolomouc.cz\/index.php?rest_route=\/wp\/v2\/users\/10"}],"replies":[{"embeddable":true,"href":"https:\/\/old.atletikaolomouc.cz\/index.php?rest_route=%2Fwp%2Fv2%2Fcomments&post=8164"}],"version-history":[{"count":1,"href":"https:\/\/old.atletikaolomouc.cz\/index.php?rest_route=\/wp\/v2\/posts\/8164\/revisions"}],"predecessor-version":[{"id":8165,"href":"https:\/\/old.atletikaolomouc.cz\/index.php?rest_route=\/wp\/v2\/posts\/8164\/revisions\/8165"}],"wp:attachment":[{"href":"https:\/\/old.atletikaolomouc.cz\/index.php?rest_route=%2Fwp%2Fv2%2Fmedia&parent=8164"}],"wp:term":[{"taxonomy":"category","embeddable":true,"href":"https:\/\/old.atletikaolomouc.cz\/index.php?rest_route=%2Fwp%2Fv2%2Fcategories&post=8164"},{"taxonomy":"post_tag","embeddable":true,"href":"https:\/\/old.atletikaolomouc.cz\/index.php?rest_route=%2Fwp%2Fv2%2Ftags&post=8164"}],"curies":[{"name":"wp","href":"https:\/\/api.w.org\/{rel}","templated":true}]}}