{"id":8215,"date":"2016-12-20T09:26:00","date_gmt":"2016-12-20T08:26:00","guid":{"rendered":"http:\/\/www.atletikaolomouc.cz\/?p=8215"},"modified":"2016-12-20T09:26:00","modified_gmt":"2016-12-20T08:26:00","slug":"projekt-jsem-atlet","status":"publish","type":"post","link":"https:\/\/old.atletikaolomouc.cz\/?p=8215","title":{"rendered":"Projekt Jsem Atlet"},"content":{"rendered":"<p>S radost\u00ed oznamujeme, \u017ee se Atletick\u00fd klub Olomouc zapojil do projektu Atletika pro radost II, \u00a0pod patronac\u00ed \u010cesk\u00e9ho atletick\u00e9ho svazu.\u00a0<!--more--><\/p>\n<p>Projekt Atletika pro radost II. (APR II.) m\u00e1 za hlavn\u00ed c\u00edl oslovit skupinu d\u011bt\u00ed od 12 let, kte\u0159\u00ed nemaj\u00ed ambice pokra\u010dovat v z\u00e1vodn\u00ed nebo-li v\u00fdkonnostn\u00ed atletice, ale maj\u00ed z\u00e1jem o pohybovou aktivitu, krou\u017eek, rekrea\u010dn\u00ed sport, kter\u00fd jim z\u016fstane na cel\u00fd \u017eivot.\u00a0<strong><a href=\"https:\/\/www.facebook.com\/hashtag\/bezimbechovice2016?source=feed_text&amp;story_id=1275431609186746\">#<\/a>JsemAtlet<\/strong><\/p>\n<p><a href=\"http:\/\/www.atletikaolomouc.cz\/wp-content\/uploads\/2016\/12\/obr\u00e1zek-zapojen\u00ed-do-projektu.jpg\"><img decoding=\"async\" loading=\"lazy\" class=\"aligncenter size-large wp-image-8218\" title=\"obr\u00e1zek zapojen\u00ed do projektu\" src=\"http:\/\/www.atletikaolomouc.cz\/wp-content\/uploads\/2016\/12\/obr\u00e1zek-zapojen\u00ed-do-projektu-800x533.jpg\" alt=\"\" width=\"660\" height=\"439\" srcset=\"https:\/\/old.atletikaolomouc.cz\/wp-content\/uploads\/2016\/12\/obr\u00e1zek-zapojen\u00ed-do-projektu-800x533.jpg 800w, https:\/\/old.atletikaolomouc.cz\/wp-content\/uploads\/2016\/12\/obr\u00e1zek-zapojen\u00ed-do-projektu-300x200.jpg 300w, https:\/\/old.atletikaolomouc.cz\/wp-content\/uploads\/2016\/12\/obr\u00e1zek-zapojen\u00ed-do-projektu-325x215.jpg 325w, https:\/\/old.atletikaolomouc.cz\/wp-content\/uploads\/2016\/12\/obr\u00e1zek-zapojen\u00ed-do-projektu.jpg 1310w\" sizes=\"(max-width: 660px) 100vw, 660px\" \/><\/a><\/p>\n","protected":false},"excerpt":{"rendered":"<p>S radost\u00ed oznamujeme, \u017ee se Atletick\u00fd klub Olomouc zapojil do projektu Atletika pro radost II, \u00a0pod patronac\u00ed \u010cesk\u00e9ho atletick\u00e9ho svazu.\u00a0<\/p>\n","protected":false},"author":10,"featured_media":8217,"comment_status":"closed","ping_status":"closed","sticky":false,"template":"","format":"standard","meta":{"ngg_post_thumbnail":0},"categories":[5,6,37,25],"tags":[],"_links":{"self":[{"href":"https:\/\/old.atletikaolomouc.cz\/index.php?rest_route=\/wp\/v2\/posts\/8215"}],"collection":[{"href":"https:\/\/old.atletikaolomouc.cz\/index.php?rest_route=\/wp\/v2\/posts"}],"about":[{"href":"https:\/\/old.atletikaolomouc.cz\/index.php?rest_route=\/wp\/v2\/types\/post"}],"author":[{"embeddable":true,"href":"https:\/\/old.atletikaolomouc.cz\/index.php?rest_route=\/wp\/v2\/users\/10"}],"replies":[{"embeddable":true,"href":"https:\/\/old.atletikaolomouc.cz\/index.php?rest_route=%2Fwp%2Fv2%2Fcomments&post=8215"}],"version-history":[{"count":3,"href":"https:\/\/old.atletikaolomouc.cz\/index.php?rest_route=\/wp\/v2\/posts\/8215\/revisions"}],"predecessor-version":[{"id":8221,"href":"https:\/\/old.atletikaolomouc.cz\/index.php?rest_route=\/wp\/v2\/posts\/8215\/revisions\/8221"}],"wp:featuredmedia":[{"embeddable":true,"href":"https:\/\/old.atletikaolomouc.cz\/index.php?rest_route=\/wp\/v2\/media\/8217"}],"wp:attachment":[{"href":"https:\/\/old.atletikaolomouc.cz\/index.php?rest_route=%2Fwp%2Fv2%2Fmedia&parent=8215"}],"wp:term":[{"taxonomy":"category","embeddable":true,"href":"https:\/\/old.atletikaolomouc.cz\/index.php?rest_route=%2Fwp%2Fv2%2Fcategories&post=8215"},{"taxonomy":"post_tag","embeddable":true,"href":"https:\/\/old.atletikaolomouc.cz\/index.php?rest_route=%2Fwp%2Fv2%2Ftags&post=8215"}],"curies":[{"name":"wp","href":"https:\/\/api.w.org\/{rel}","templated":true}]}}