{"id":845,"date":"2011-07-28T14:37:17","date_gmt":"2011-07-28T12:37:17","guid":{"rendered":"http:\/\/www.atletikaolomouc.cz\/?p=845"},"modified":"2020-04-06T18:52:36","modified_gmt":"2020-04-06T16:52:36","slug":"historie-klubu-ak-olomouc","status":"publish","type":"post","link":"https:\/\/old.atletikaolomouc.cz\/?p=845","title":{"rendered":"Historie klubu AK Olomouc"},"content":{"rendered":"<p><strong>Prvn\u00ed z\u00e1vody na Letn\u00e9<\/strong><\/p>\n<p>Prvn\u00ed zm\u00ednka o organizovan\u00e9 atletice je z roku 1913, kdy byl ustanoven lehkoatletick\u00fd v\u00fdbor p\u0159i SK Olomouc. Atleti provozovali svoji \u010dinnost na h\u0159i\u0161ti, kter\u00e9 bylo u l\u00e1vky p\u0159es \u0159eku Moravu proti kl\u00e1\u0161teru Hradisko (h\u0159i\u0161t\u011b v ulici Na Letn\u00e9 tam stoj\u00ed dodnes a hraje se tam mal\u00e1 kopan\u00e1). Provozov\u00e1n\u00ed atletiky nebylo v t\u00e9 dob\u011b v\u016fbec snadn\u00e9. Na h\u0159i\u0161ti nebyla atletick\u00e1 dr\u00e1ha a p\u0159ed po\u0159\u00e1d\u00e1n\u00edm z\u00e1vodu se musela vyt\u00fd\u010dit kol\u00edky nebo praporky a nalajnovat. Na tomto h\u0159i\u0161ti se uskute\u010dnily 1.\u0159\u00edjna 1916 prvn\u00ed velk\u00e9 z\u00e1vody jako mistrovstv\u00ed Moravy za \u00fa\u010dasti atlet\u016f a\u017e z \u010cech. P\u0159ed velkou n\u00e1v\u0161t\u011bvou se zde ve\u0159ejnosti poprv\u00e9 p\u0159edstavili d\u00edvky v prvn\u00ed pov\u00e1le\u010dn\u00e9 sez\u00f3n\u011b 6.\u010dervence 1919.<\/p>\n<p><strong>V Olomouci z\u00e1vodil olympijsk\u00fd v\u00edt\u011bz<\/strong><\/p>\n<p>Dal\u0161\u00edm atletick\u00fdm sportovi\u0161t\u011bm byla atletick\u00e1 dr\u00e1ha pos\u00e1dkov\u00e9ho h\u0159i\u0161t\u011b (na m\u00edst\u011b tisk\u00e1ren ve Studentsk\u00e9 ulici), kter\u00e1 v roce 1923 hostila olympijsk\u00e9ho v\u00edt\u011bze Ameri\u010dana CH.W.Paddocka, kter\u00fd v roce 1920 zv\u00edt\u011bzil na OH v Antverp\u00e1ch v b\u011bhu na 100m, byl druh\u00fd v b\u011bhu na 200m a pod\u00edlel se na zisku zlat\u00e9 medaile USA ve \u0161tafet\u011b 4 x 100m. Soupe\u0159em olympijsk\u00e9ho v\u00edt\u011bze byli nejlep\u0161\u00ed sprinte\u0159i \u010cSR a podle o\u010dek\u00e1v\u00e1n\u00ed zv\u00edt\u011bzil Ameri\u010dan sv\u00fdm charakteristick\u00fdm &#8222;tyg\u0159\u00edm skokem&#8220; za velk\u00e9ho j\u00e1sotu asi t\u0159\u00ed tis\u00edc div\u00e1k\u016f.<\/p>\n<p><strong>Sokolsk\u00fd stadion m\u011bl zvl\u00e1\u0161tn\u00ed atmosf\u00e9ru<\/strong><\/p>\n<p>V roce 1933 byl v olomouck\u00e9m Sokole zalo\u017een odbor lehk\u00e9 atletiky a za velk\u00e9ho \u00fasil\u00ed tehdej\u0161\u00edch atletick\u00fdch funkcion\u00e1\u0159\u016f (jednatelem se stal Franti\u0161ek Dvo\u0159\u00e1k) byla na sokolsk\u00e9m h\u0159i\u0161ti vybudov\u00e1na atletick\u00e1 dr\u00e1ha v d\u00e9lce 300 yard\u016f (273m) se \u010dty\u0159mi dr\u00e1hami. Zde dosahovali atleti Sokola Olomouc velk\u00fdch \u00fasp\u011bch\u016f a stali se nejlep\u0161\u00edm atletick\u00fdm dru\u017estvem, kdy\u017e zv\u00edt\u011bzili na p\u0159eborech \u010cOS v Praze. Nej\u00fasp\u011b\u0161n\u011bj\u0161\u00ed p\u0159edv\u00e1le\u010dn\u00e9 obdob\u00ed bylo n\u00e1siln\u011b p\u0159eru\u0161eno rozpu\u0161t\u011bn\u00edm Sokola v dubnu 1942. Sokolsk\u00fd stadion, kter\u00fd byl sv\u011bdkem velk\u00fdch \u00fasp\u011bch\u016f olomouck\u00e9 atletiky, ji\u017e nevyhovoval sv\u00fdmi parametry a ligov\u00e1 utk\u00e1n\u00ed se musela konat na dr\u00e1ze 400 m dlouh\u00e9. Vyhovuj\u00edc\u00ed dr\u00e1ha na Androv\u011b stadionu byla v rekonstrukci, a tak se v polovin\u011b \u0161edes\u00e1t\u00fdch let mistrovsk\u00e1 utk\u00e1n\u00ed musela uskute\u010d\u0148ovat na ciz\u00edch h\u0159i\u0161t\u00edch, zejm\u00e9na na v\u00fdborn\u00e9 atletick\u00e9 dr\u00e1ze v Z\u00e1b\u0159ehu na Morav\u011b. Sokolsk\u00fd stadion vytv\u00e1\u0159el zvl\u00e1\u0161tn\u00ed atmosf\u00e9ru zar\u00e1movanou zelen\u00ed vzrostl\u00fdch topol\u016f a ka\u0161tan\u016f. Ka\u017ed\u00fd, kdo p\u0159i\u0161el, m\u011bl m\u00edsto k sezen\u00ed a pro mal\u00fd rozm\u011br h\u0159i\u0161t\u011b vid\u011bl v\u0161echno jako na dlani. Na jeho dr\u00e1ze z\u00e1vodilo mnoho v\u00fdznamn\u00fdch atlet\u016f, olympijsk\u00fdch v\u00edt\u011bz\u016f a sv\u011btov\u00fdch rekordman\u016f. Byl zru\u0161en v roce 1976.<\/p>\n<div id=\"attachment_16358\" style=\"width: 1610px\" class=\"wp-caption alignleft\"><a href=\"http:\/\/www.atletikaolomouc.cz\/wp-content\/uploads\/2011\/07\/026-img012-Sokol-a-stadion-m\u00edru.jpg\"><img aria-describedby=\"caption-attachment-16358\" decoding=\"async\" loading=\"lazy\" class=\"size-full wp-image-16358\" src=\"http:\/\/www.atletikaolomouc.cz\/wp-content\/uploads\/2011\/07\/026-img012-Sokol-a-stadion-m\u00edru.jpg\" alt=\"\" width=\"1600\" height=\"973\" srcset=\"https:\/\/old.atletikaolomouc.cz\/wp-content\/uploads\/2011\/07\/026-img012-Sokol-a-stadion-m\u00edru.jpg 1600w, https:\/\/old.atletikaolomouc.cz\/wp-content\/uploads\/2011\/07\/026-img012-Sokol-a-stadion-m\u00edru-300x182.jpg 300w, https:\/\/old.atletikaolomouc.cz\/wp-content\/uploads\/2011\/07\/026-img012-Sokol-a-stadion-m\u00edru-768x467.jpg 768w, https:\/\/old.atletikaolomouc.cz\/wp-content\/uploads\/2011\/07\/026-img012-Sokol-a-stadion-m\u00edru-800x487.jpg 800w\" sizes=\"(max-width: 1600px) 100vw, 1600px\" \/><\/a><p id=\"caption-attachment-16358\" class=\"wp-caption-text\">Stadion Sokola Olomouc<\/p><\/div>\n<p><strong>Andr\u016fv stadion zni\u010dila v\u00e1lka<\/strong><\/p>\n<p>Dne 1.z\u00e1\u0159\u00ed 1940 za\u017eila Olomouc atletick\u00fd sv\u00e1tek. Zdej\u0161\u00ed Sokol byl pov\u011b\u0159en uspo\u0159\u00e1d\u00e1n\u00edm mezizemsk\u00e9ho utk\u00e1n\u00ed Morava &#8211; \u010cechy, kter\u00e9 se uskute\u010dnilo na nov\u011b vybudovan\u00e9m Androv\u011b stadionu se 400m dlouhou b\u011b\u017eeckou antukovou dr\u00e1hou. P\u0159ed \u0161esti tis\u00edci div\u00e1ky zv\u00edt\u011bzili Moravan\u00e9 69:54. V\u00edt\u011bzstv\u00ed si p\u0159ipsali \u010dlenov\u00e9 Sokola Olomouc Hale\u010dka v b\u011bhu na 400m (51,4 s), D\u00ed\u0161ek v b\u011bhu na 100m (11,1s) a Ries v hodu o\u0161t\u011bpem (57,10m). Koncem v\u00e1lky se stal Andr\u016fv stadion muni\u010dn\u00edm skladem a v jeho tribun\u011b a p\u0159ilehl\u00fdch parc\u00edch bylo nashrom\u00e1\u017ed\u011bno obrovsk\u00e9 mno\u017estv\u00ed st\u0159eliva. To se stalo osudn\u00e9 nov\u011b postaven\u00e9 tribun\u011b, kter\u00e1 byla v posledn\u00edch v\u00e1le\u010dn\u00fdch dnech vyhozena do pov\u011bt\u0159\u00ed. Byla rovn\u011b\u017e po\u0161kozena atletick\u00e1 dr\u00e1ha, kter\u00e1 nebyla del\u0161\u00ed dobu v provozu. Po\u010d\u00e1tkem roku 1950 byla&nbsp; atletick\u00e1 dr\u00e1ha sv\u011bdkem pam\u00e1tn\u00e9ho startu Emila Z\u00e1topka, kter\u00fd p\u0159il\u00e1kal na Andr\u016fv stadion n\u011bkolik tis\u00edc div\u00e1k\u016f. Pozd\u011bji atletick\u00e1 dr\u00e1ha doznala \u0159ady stavebn\u00edch \u00faprav v souvislosti s roz\u0161i\u0159ov\u00e1n\u00edm fotbalov\u00e9ho h\u0159i\u0161t\u011b, a proto\u017ee jej\u00ed d\u00e9lka neodpov\u00eddala parametr\u016fm (necel\u00fdch 400m), bylo zapot\u0159eb\u00ed p\u0159ikro\u010dit k jej\u00ed rekonstrukci. Po neuv\u011b\u0159iteln\u011b dlouh\u00e9 dob\u011b (t\u0159ech letech) byla po Siberov\u011b &#8222;chirurgick\u00e9m&#8220; z\u00e1kroku atletick\u00e1 dr\u00e1ha na Androv\u011b stadionu d\u00e1na do provozu a bylo zde uspo\u0159\u00e1d\u00e1no fin\u00e1le \u010cSSR sout\u011b\u017ee &#8222;O nejzdatn\u011bj\u0161\u00ed okres&#8220;. Zrekonstruovan\u00e1 atletick\u00e1 dr\u00e1ha byla atletick\u00fdmi odd\u00edly hojn\u011b vyu\u017e\u00edv\u00e1na. Ale vstupem olomouck\u00e9ho fotbalu do prvn\u00ed ligy byla bohu\u017eel v roce 1982 zlikvidov\u00e1na. Stalo se tak bez n\u00e1hrady a ke \u0161kod\u011b vysoko\u0161kolsk\u00e9 atletiky, kter\u00e1 zde prov\u00e1d\u011bla v\u00fduku i po\u0159\u00e1dala atletick\u00e9 z\u00e1vody.<\/p>\n<div id=\"attachment_16351\" style=\"width: 1610px\" class=\"wp-caption alignleft\"><a href=\"http:\/\/www.atletikaolomouc.cz\/wp-content\/uploads\/2011\/07\/006-img0001-klub-1964-postupim.jpg\"><img aria-describedby=\"caption-attachment-16351\" decoding=\"async\" loading=\"lazy\" class=\"wp-image-16351 size-full\" src=\"http:\/\/www.atletikaolomouc.cz\/wp-content\/uploads\/2011\/07\/006-img0001-klub-1964-postupim.jpg\" alt=\"\" width=\"1600\" height=\"1208\" srcset=\"https:\/\/old.atletikaolomouc.cz\/wp-content\/uploads\/2011\/07\/006-img0001-klub-1964-postupim.jpg 1600w, https:\/\/old.atletikaolomouc.cz\/wp-content\/uploads\/2011\/07\/006-img0001-klub-1964-postupim-300x227.jpg 300w, https:\/\/old.atletikaolomouc.cz\/wp-content\/uploads\/2011\/07\/006-img0001-klub-1964-postupim-768x580.jpg 768w, https:\/\/old.atletikaolomouc.cz\/wp-content\/uploads\/2011\/07\/006-img0001-klub-1964-postupim-795x600.jpg 795w\" sizes=\"(max-width: 1600px) 100vw, 1600px\" \/><\/a><p id=\"caption-attachment-16351\" class=\"wp-caption-text\">Atletick\u00fd klub v roce 1964 (Postupim, N\u011bmecko)<\/p><\/div>\n<p><strong>Lokomotiva slav\u00ed jubileum<\/strong><\/p>\n<p>Rozvoj atletiky p\u0159inesl nutnost vybudovat nov\u00fd atletick\u00fd stadion, kter\u00fd by vyhovoval nejen atletick\u00fdm pravidl\u016fm, ale i hledisk\u016fm bezpe\u010dnosti. Po mnoha jedn\u00e1n\u00edch, lobov\u00e1n\u00ed a d\u00edky ob\u011btavosti \u0159ady dlouholet\u00fdch atletick\u00fdch p\u0159\u00edznivc\u016f i funkcion\u00e1\u0159\u016f byla v\u00fdstavba nov\u00e9ho atletick\u00e9ho stadionu (vedle b\u00fdval\u00e9ho Sokolsk\u00e9ho stadionu) zah\u00e1jena v roce 1977 a do provozu byl d\u00e1n slavnostn\u011b 7.kv\u011btna 1979. Soub\u011b\u017en\u011b s novou osmiproudou 400 metr\u016f dlouhou \u0161kv\u00e1rovou dr\u00e1hou se stav\u011bla tak\u00e9 kryt\u00e1 dr\u00e1ha se \u0161atnami a soci\u00e1ln\u00edm za\u0159\u00edzen\u00edm. Na nov\u00e9m stadionu byla uspo\u0159\u00e1d\u00e1na \u0159ada v\u00fdznamn\u00fdch atletick\u00fdch podnik\u016f a vrcholem bylo uspo\u0159\u00e1d\u00e1n\u00ed mistrovstv\u00ed sv\u011bta \u017eelezni\u010d\u00e1\u0159\u016f v atletice USIC, kter\u00e9 se uskute\u010dnilo v roce 1985. Nov\u011b vybudovan\u00fd atletick\u00fd stadion byl t\u011b\u017ece posti\u017een ni\u010divou povodn\u00ed v \u010dervenci 1997.<\/p>\n<div id=\"attachment_16349\" style=\"width: 1610px\" class=\"wp-caption alignleft\"><a href=\"http:\/\/www.atletikaolomouc.cz\/wp-content\/uploads\/2011\/07\/520-img0233-Povodn\u011b-1997.jpg\"><img aria-describedby=\"caption-attachment-16349\" decoding=\"async\" loading=\"lazy\" class=\"wp-image-16349 size-full\" src=\"http:\/\/www.atletikaolomouc.cz\/wp-content\/uploads\/2011\/07\/520-img0233-Povodn\u011b-1997.jpg\" alt=\"\" width=\"1600\" height=\"1071\" srcset=\"https:\/\/old.atletikaolomouc.cz\/wp-content\/uploads\/2011\/07\/520-img0233-Povodn\u011b-1997.jpg 1600w, https:\/\/old.atletikaolomouc.cz\/wp-content\/uploads\/2011\/07\/520-img0233-Povodn\u011b-1997-300x201.jpg 300w, https:\/\/old.atletikaolomouc.cz\/wp-content\/uploads\/2011\/07\/520-img0233-Povodn\u011b-1997-768x514.jpg 768w, https:\/\/old.atletikaolomouc.cz\/wp-content\/uploads\/2011\/07\/520-img0233-Povodn\u011b-1997-800x536.jpg 800w, https:\/\/old.atletikaolomouc.cz\/wp-content\/uploads\/2011\/07\/520-img0233-Povodn\u011b-1997-385x258.jpg 385w\" sizes=\"(max-width: 1600px) 100vw, 1600px\" \/><\/a><p id=\"caption-attachment-16349\" class=\"wp-caption-text\">Atletick\u00fd stadion p\u0159i povodn\u00edch v roce 1997<\/p><\/div>\n<p><strong>Po povodni na nov\u00fd povrch<\/strong><\/p>\n<p>V d\u016fsledku zna\u010dn\u00e9ho po\u0161kozen\u00ed \u0161kv\u00e1rov\u00e9ho povrchu atletick\u00e9 dr\u00e1hy TJ Lokomotiva Olomouc n\u00e1sledkem povodn\u011b bylo rozhodnuto, \u017ee m\u00edsto jej\u00ed obnovy, kter\u00e1 by vy\u017eadovala investici ve v\u00fd\u0161i dvou milion\u016f korun, bude provedena rekonstrukce dr\u00e1hy s um\u011bl\u00fdm kobercem. \u00dasil\u00ed funkcion\u00e1\u0159\u016f AK Olomouc a \u010dinovn\u00edk\u016f Region\u00e1ln\u00edho v\u00fdkonn\u00e9ho v\u00fdboru \u010cSTV p\u0159ineslo k\u00fd\u017een\u00fd v\u00fdsledek. Za podpory \u010cSTV, m\u011bsta, okresn\u00edho \u00fa\u0159adu a University Palack\u00e9ho byly 17.\u010dervence 1998 zah\u00e1jeny stavebn\u00ed pr\u00e1ce. Na podzim t\u00e9ho\u017e roku byla dr\u00e1ha s um\u011bl\u00fdm povrchem Polytan dokon\u010dena. Povrch m\u00e1 certifik\u00e1t IAAF, kter\u00fd je dokladem zp\u016fsobilosti k po\u0159\u00e1d\u00e1n\u00ed dom\u00e1c\u00edch i mezin\u00e1rodn\u00edch z\u00e1vod\u016f. Dr\u00e1ha m\u00e1 d\u00e9lku 400,0253 metr\u016f.<\/p>\n<p><strong>Velk\u00e1 cena m\u011bsta v b\u011bhu na 100 m<\/strong><\/p>\n<p>Kdy\u017e byly v pades\u00e1t\u00fdch letech zakl\u00e1d\u00e1ny Velk\u00e9 ceny m\u011bst, m\u011bli jejich organiz\u00e1to\u0159i jedno p\u0159\u00e1n\u00ed: roz\u0161\u00ed\u0159it tehdej\u0161\u00ed chud\u00e9 atletick\u00e9 po\u0159ady o dal\u0161\u00ed utk\u00e1n\u00ed a rozprost\u0159\u00edt je na v\u011bt\u0161\u00ed \u00fazemn\u00ed prostory. Jestli\u017ee se na n\u011bkter\u00e1 m\u011bsta dostaly discipl\u00edny nep\u0159\u00edli\u0161 popul\u00e1rn\u00ed, pak Olomouci sv\u011b\u0159en\u00e1 cena na 100 metr\u016f odpov\u00eddala zdej\u0161\u00ed atletick\u00e9 tradici a v\u00fdznamu. O\u010dek\u00e1valo se, \u017ee ka\u017ed\u00fd po\u0159\u00e1daj\u00edc\u00ed odd\u00edl Velkou cenu i s r\u00e1mcov\u00fdmi z\u00e1vody n\u00e1le\u017eit\u011b p\u0159iprav\u00ed a \u017ee se na startu sejde v\u00fdkv\u011bt discipl\u00edny. Ale osud \u0159ady Velk\u00fdch cen byl stejn\u00fd, po \u00fasp\u011b\u0161n\u00fdch za\u010d\u00e1tc\u00edch nastaly chv\u00edle nez\u00e1jmu jak z\u00e1vodn\u00edk\u016f, tak i po\u0159adatel\u016f. Tak to bylo i s Velkou cenou m\u011bsta Olomouce na 100 m, jej\u00ed\u017e prvn\u00ed ro\u010dn\u00edk po\u0159\u00e1dan\u00fd v roce 1953 vyhr\u00e1l Ho\u010dic ze Sparty. Druh\u00fd ro\u010dn\u00edk se konal a\u017e po devaten\u00e1cti letech a v\u00edt\u011bzem se stal t\u0159ineck\u00fd Slavot\u00ednek v \u010dase 10,9s. Od t\u00e9 doby se VC po\u0159\u00e1dala pravideln\u011b a na startu byla cel\u00e1 \u0159ada vynikaj\u00edc\u00edch na\u0161ich i zahrani\u010dn\u00edch z\u00e1vodn\u00edk\u016f.<\/p>\n<div id=\"attachment_16354\" style=\"width: 2902px\" class=\"wp-caption alignleft\"><a href=\"http:\/\/www.atletikaolomouc.cz\/wp-content\/uploads\/2011\/07\/17.-ro\u010dn\u00edk-velk\u00e9-ceny.jpg\"><img aria-describedby=\"caption-attachment-16354\" decoding=\"async\" loading=\"lazy\" class=\"wp-image-16354 size-full\" src=\"http:\/\/www.atletikaolomouc.cz\/wp-content\/uploads\/2011\/07\/17.-ro\u010dn\u00edk-velk\u00e9-ceny.jpg\" alt=\"\" width=\"2892\" height=\"3506\" srcset=\"https:\/\/old.atletikaolomouc.cz\/wp-content\/uploads\/2011\/07\/17.-ro\u010dn\u00edk-velk\u00e9-ceny.jpg 2892w, https:\/\/old.atletikaolomouc.cz\/wp-content\/uploads\/2011\/07\/17.-ro\u010dn\u00edk-velk\u00e9-ceny-247x300.jpg 247w, https:\/\/old.atletikaolomouc.cz\/wp-content\/uploads\/2011\/07\/17.-ro\u010dn\u00edk-velk\u00e9-ceny-768x931.jpg 768w, https:\/\/old.atletikaolomouc.cz\/wp-content\/uploads\/2011\/07\/17.-ro\u010dn\u00edk-velk\u00e9-ceny-495x600.jpg 495w\" sizes=\"(max-width: 2892px) 100vw, 2892px\" \/><\/a><p id=\"caption-attachment-16354\" class=\"wp-caption-text\">\u010cl\u00e1nek k 17. ro\u010dn\u00edku Velk\u00e9 ceny m\u011bsta Olomouce z ro\u010denky AK Olomouc<\/p><\/div>\n<p><strong>Memori\u00e1l Franti\u0161ka Hopl\u00ed\u010dka<\/strong><\/p>\n<p>Franti\u0161ek Hopl\u00ed\u010dek z\u00e1vodil pod pseudonymem Jan\u00edk, vrhal dob\u0159e koul\u00ed, ale jeho hlavn\u00ed discipl\u00ednou byl disk. V n\u011bm byl i jeden \u010das rekordmanem (v roce 1920 startoval na olympijsk\u00fdch hr\u00e1ch v Antverp\u00e1ch, kde skon\u010dil v\u00fdkonem 37,75m v hodu diskem na sedm\u00e9m m\u00edst\u011b). Jako akademick\u00fd mal\u00ed\u0159 byl u n\u00e1s jeden z prvn\u00edch, kdo v\u00fdtvarn\u011b zpracov\u00e1val sportovn\u00ed n\u00e1m\u011bty, p\u0159i\u010dem\u017e lehk\u00e1 atletika mu byla nevy\u010derpatelnou studnic\u00ed. V\u00edt\u011bzem prvn\u00edho ro\u010dn\u00edku Memori\u00e1lu Franti\u0161ka Hopl\u00ed\u010dka v disku se stal Jaroslav Vidrna z T\u017d T\u0159inec v\u00fdkonem 55,56 m.<\/p>\n<p><strong>Memori\u00e1l Miloslava P\u016fra<\/strong><\/p>\n<p>Milo\u0161 P\u016fr byl v\u0161estrann\u00fd sportovec. Za SK Hej\u010d\u00edn hr\u00e1val hokej, jako dorostenec si obl\u00edbil kopanou, holdoval otu\u017eov\u00e1n\u00ed, ale nejv\u00edce p\u0159ilnul k atletice. Urostl\u00fd a \u0161t\u00edhl\u00fd m\u011bl skv\u011bl\u00e9 dispozice pro skok vysok\u00fd a z\u00e1hy pat\u0159il mezi v\u00fd\u0161ka\u0159sk\u00e9 nad\u011bje v republice. 14.z\u00e1\u0159\u00ed 1940 chyb\u011bl ve fin\u00e1le \u017eupn\u00edho p\u0159eboru ve Zl\u00edn\u011b, proto\u017ee z\u00e1ke\u0159n\u00e1 nemoc p\u0159ekazila jeho sny a pl\u00e1ny a ukon\u010dila p\u0159ekvapiv\u011b a rychle jeho \u017eivot. V\u00edt\u011bzem I.ro\u010dn\u00edku v roce 1972 se stal olomouck\u00fd Blahoslav Kroupa v\u00fdkonem 195 cm.<\/p>\n<p><strong>Memori\u00e1l Anton\u00edna Dvo\u0159\u00e1ka<\/strong><\/p>\n<p>Dne 27.b\u0159ezna 1971 dotlouklo state\u010dn\u00e9 srdce nejlep\u0161\u00edho atleta odd\u00edlu tohoto roku Anton\u00edna Dvo\u0159\u00e1ka. P\u0159es zimu a ne\u0161\u0165astn\u00e9 jaro tr\u00e9noval jako nikdy, koupil si lo\u010f a p\u0159ipravoval se na p\u0159\u00ed\u0161t\u00ed sez\u00f3nu. P\u0159emo\u017een jarn\u00edmi vodami rozvodn\u011bn\u00e9 \u0159eky Moravy ode\u0161el ve dvaceti sedmi letech atlet, kter\u00fdch je velmi m\u00e1lo. Ob\u011btav\u011b startoval v \u0159ad\u011b discipl\u00edn, byl v\u00fdborn\u00fd sprint\u00e9r a snad je\u0161t\u011b lep\u0161\u00ed d\u00e1lka\u0159. V\u00edt\u011bzem I.ro\u010dn\u00edku v roce 1972 se stal ex-Olomou\u010dan Jan Broda z T\u017d T\u0159inec v\u00fdkonem 758 cm.<\/p>\n<div id=\"attachment_16360\" style=\"width: 1220px\" class=\"wp-caption alignleft\"><a href=\"http:\/\/www.atletikaolomouc.cz\/wp-content\/uploads\/2011\/07\/046-img023-Sokol-a-stadion-m\u00edru-1.jpg\"><img aria-describedby=\"caption-attachment-16360\" decoding=\"async\" loading=\"lazy\" class=\"size-full wp-image-16360\" src=\"http:\/\/www.atletikaolomouc.cz\/wp-content\/uploads\/2011\/07\/046-img023-Sokol-a-stadion-m\u00edru-1.jpg\" alt=\"\" width=\"1210\" height=\"1567\" srcset=\"https:\/\/old.atletikaolomouc.cz\/wp-content\/uploads\/2011\/07\/046-img023-Sokol-a-stadion-m\u00edru-1.jpg 1210w, https:\/\/old.atletikaolomouc.cz\/wp-content\/uploads\/2011\/07\/046-img023-Sokol-a-stadion-m\u00edru-1-232x300.jpg 232w, https:\/\/old.atletikaolomouc.cz\/wp-content\/uploads\/2011\/07\/046-img023-Sokol-a-stadion-m\u00edru-1-768x995.jpg 768w, https:\/\/old.atletikaolomouc.cz\/wp-content\/uploads\/2011\/07\/046-img023-Sokol-a-stadion-m\u00edru-1-463x600.jpg 463w\" sizes=\"(max-width: 1210px) 100vw, 1210px\" \/><\/a><p id=\"caption-attachment-16360\" class=\"wp-caption-text\">Anton\u00edn Dvo\u0159\u00e1k<\/p><\/div>\n<p><strong>Memori\u00e1l Kv\u011btoslava Havl\u00ed\u010dka<\/strong><\/p>\n<p>Rekord memori\u00e1lu, pojmenovan\u00e9m po nad\u011bjn\u00e9m \u010dtvrtka\u0159i Kv\u011btoslavu Havl\u00ed\u010dkovi, kter\u00e9ho ne\u0161\u0165astnou n\u00e1hodou zas\u00e1hl o\u0161t\u011bp, b\u011b\u017eci nep\u0159ekonali ji\u017e jedenadvacet let. V\u00edt\u011bzem prvn\u00edho ro\u010dn\u00edku se stal v roce 1972 vy\u0161kovsk\u00fd Vladislav Cendel\u00edn \u010dasem 49,4s a rekordn\u00edho \u010dasu 48,7s dos\u00e1hl N\u011bmec Alex Salander na atletick\u00e9 dr\u00e1ze stadionu M\u00edru.<\/p>\n<p><strong>Poh\u00e1r Franti\u0161ka Dvo\u0159\u00e1ka<\/strong><\/p>\n<p>Jm\u00e9no Franti\u0161ka Dvo\u0159\u00e1ka bylo v atletick\u00e9m sv\u011bt\u011b pojmem. \u010c\u00edm to, \u017ee Franti\u0161ek Dvo\u0159\u00e1k byl tak popul\u00e1rn\u00ed? Jeho jm\u00e9no je \u00fazce spjato s olomouckou a zvl\u00e1\u0161t\u011b se sokolskou atletikou, s atletikou, kter\u00e1 u n\u00e1s n\u011bco znamenala. Jej\u00ed s\u00edla a \u00fasp\u011bchy byly d\u00edlem Dvo\u0159\u00e1kov\u00fdm, nebo\u0165 on st\u00e1l u jej\u00ed kol\u00e9bky a des\u00edtky let se ne\u00fanavn\u011b a s nezlomnou energi\u00ed v\u011bnoval jej\u00edmu rozvoji. Byl du\u0161\u00ed olomouck\u00e9 atletiky a v neposledn\u00ed \u0159ad\u011b m\u011bl i velkou z\u00e1sluhu na tom, \u017ee se splnil sen mnoha olomouck\u00fdch generac\u00ed &#8211; v\u00fdstavba modern\u00edho stadionu s osmiproudou 400m dlouhou dr\u00e1hou, kter\u00fd byl slavnostn\u011b otev\u0159en 7.kv\u011btna 1979.<\/p>\n<div id=\"attachment_16352\" style=\"width: 1166px\" class=\"wp-caption alignleft\"><a href=\"http:\/\/www.atletikaolomouc.cz\/wp-content\/uploads\/2011\/07\/043-img0022-Dvo\u0159\u00e1k-Chrom\u00fd-Chlup_o\u0159ez.jpg\"><img aria-describedby=\"caption-attachment-16352\" decoding=\"async\" loading=\"lazy\" class=\"wp-image-16352 size-full\" src=\"http:\/\/www.atletikaolomouc.cz\/wp-content\/uploads\/2011\/07\/043-img0022-Dvo\u0159\u00e1k-Chrom\u00fd-Chlup_o\u0159ez.jpg\" alt=\"\" width=\"1156\" height=\"760\" srcset=\"https:\/\/old.atletikaolomouc.cz\/wp-content\/uploads\/2011\/07\/043-img0022-Dvo\u0159\u00e1k-Chrom\u00fd-Chlup_o\u0159ez.jpg 1156w, https:\/\/old.atletikaolomouc.cz\/wp-content\/uploads\/2011\/07\/043-img0022-Dvo\u0159\u00e1k-Chrom\u00fd-Chlup_o\u0159ez-300x197.jpg 300w, https:\/\/old.atletikaolomouc.cz\/wp-content\/uploads\/2011\/07\/043-img0022-Dvo\u0159\u00e1k-Chrom\u00fd-Chlup_o\u0159ez-768x505.jpg 768w, https:\/\/old.atletikaolomouc.cz\/wp-content\/uploads\/2011\/07\/043-img0022-Dvo\u0159\u00e1k-Chrom\u00fd-Chlup_o\u0159ez-800x526.jpg 800w, https:\/\/old.atletikaolomouc.cz\/wp-content\/uploads\/2011\/07\/043-img0022-Dvo\u0159\u00e1k-Chrom\u00fd-Chlup_o\u0159ez-325x215.jpg 325w\" sizes=\"(max-width: 1156px) 100vw, 1156px\" \/><\/a><p id=\"caption-attachment-16352\" class=\"wp-caption-text\">Vpravo Franti\u0161ek Dvo\u0159\u00e1k<\/p><\/div>\n","protected":false},"excerpt":{"rendered":"<p>Prvn\u00ed z\u00e1vody na Letn\u00e9 Prvn\u00ed zm\u00ednka o organizovan\u00e9 atletice je z roku 1913, kdy byl ustanoven lehkoatletick\u00fd v\u00fdbor p\u0159i SK Olomouc. Atleti provozovali svoji \u010dinnost na h\u0159i\u0161ti, kter\u00e9 bylo u l\u00e1vky p\u0159es \u0159eku Moravu proti kl\u00e1\u0161teru Hradisko (h\u0159i\u0161t\u011b v ulici &hellip; <a href=\"https:\/\/old.atletikaolomouc.cz\/?p=845\">Continue reading <span class=\"meta-nav\">&rarr;<\/span><\/a><\/p>\n","protected":false},"author":3,"featured_media":0,"comment_status":"closed","ping_status":"closed","sticky":false,"template":"","format":"standard","meta":{"ngg_post_thumbnail":0},"categories":[38],"tags":[],"_links":{"self":[{"href":"https:\/\/old.atletikaolomouc.cz\/index.php?rest_route=\/wp\/v2\/posts\/845"}],"collection":[{"href":"https:\/\/old.atletikaolomouc.cz\/index.php?rest_route=\/wp\/v2\/posts"}],"about":[{"href":"https:\/\/old.atletikaolomouc.cz\/index.php?rest_route=\/wp\/v2\/types\/post"}],"author":[{"embeddable":true,"href":"https:\/\/old.atletikaolomouc.cz\/index.php?rest_route=\/wp\/v2\/users\/3"}],"replies":[{"embeddable":true,"href":"https:\/\/old.atletikaolomouc.cz\/index.php?rest_route=%2Fwp%2Fv2%2Fcomments&post=845"}],"version-history":[{"count":6,"href":"https:\/\/old.atletikaolomouc.cz\/index.php?rest_route=\/wp\/v2\/posts\/845\/revisions"}],"predecessor-version":[{"id":16361,"href":"https:\/\/old.atletikaolomouc.cz\/index.php?rest_route=\/wp\/v2\/posts\/845\/revisions\/16361"}],"wp:attachment":[{"href":"https:\/\/old.atletikaolomouc.cz\/index.php?rest_route=%2Fwp%2Fv2%2Fmedia&parent=845"}],"wp:term":[{"taxonomy":"category","embeddable":true,"href":"https:\/\/old.atletikaolomouc.cz\/index.php?rest_route=%2Fwp%2Fv2%2Fcategories&post=845"},{"taxonomy":"post_tag","embeddable":true,"href":"https:\/\/old.atletikaolomouc.cz\/index.php?rest_route=%2Fwp%2Fv2%2Ftags&post=845"}],"curies":[{"name":"wp","href":"https:\/\/api.w.org\/{rel}","templated":true}]}}