{"id":8709,"date":"2017-04-21T10:55:49","date_gmt":"2017-04-21T08:55:49","guid":{"rendered":"http:\/\/www.atletikaolomouc.cz\/?p=8709"},"modified":"2017-05-12T10:02:16","modified_gmt":"2017-05-12T08:02:16","slug":"mezinarodni-klasifikace-a-zavody-v-zahranici-2017","status":"publish","type":"post","link":"https:\/\/old.atletikaolomouc.cz\/?p=8709","title":{"rendered":"Mezin\u00e1rodn\u00ed klasifikace a z\u00e1vody v zahrani\u010d\u00ed 2017"},"content":{"rendered":"<p style=\"text-align: justify;\"><strong>\u00da\u010del projektu: <\/strong><br \/>Finan\u010dn\u00ed podpora na zaji\u0161t\u011bn\u00ed mezin\u00e1rodn\u00edch klasifikac\u00ed a z\u00e1vod\u016f v zahrani\u010d\u00ed.<a href=\"http:\/\/www.atletikaolomouc.cz\/?attachment_id=8827\" rel=\"attachment wp-att-8827\"><img decoding=\"async\" loading=\"lazy\" class=\"alignright size-medium wp-image-8827\" title=\"filip Varto\u0148\" src=\"http:\/\/www.atletikaolomouc.cz\/wp-content\/uploads\/2017\/04\/filip-Varto\u01481-300x165.png\" alt=\"\" width=\"300\" height=\"165\" srcset=\"https:\/\/old.atletikaolomouc.cz\/wp-content\/uploads\/2017\/04\/filip-Varto\u01481-300x165.png 300w, https:\/\/old.atletikaolomouc.cz\/wp-content\/uploads\/2017\/04\/filip-Varto\u01481-800x440.png 800w, https:\/\/old.atletikaolomouc.cz\/wp-content\/uploads\/2017\/04\/filip-Varto\u01481.png 1365w\" sizes=\"(max-width: 300px) 100vw, 300px\" \/><\/a><\/p>\n<p style=\"text-align: justify;\"><strong>Term\u00edn realizace projektu:<\/strong><br \/>kv\u011bten &#8211; \u010derven 2017<\/p>\n<p style=\"text-align: justify;\"><strong>Pot\u0159ebn\u00e9 finan\u010dn\u00ed prost\u0159edky:<\/strong><br \/>30 000,-\u00a0<\/p>\n<p style=\"text-align: justify;\"><a href=\"http:\/\/www.atletikaolomouc.cz\/?page_id=8724\" target=\"_blank\"><img decoding=\"async\" loading=\"lazy\" class=\"alignleft size-full wp-image-8672\" title=\"PODPORIT PROJEKT\" src=\"http:\/\/www.atletikaolomouc.cz\/wp-content\/uploads\/2017\/04\/PODPORIT-PROJEKT.jpg\" alt=\"\" width=\"205\" height=\"45\" \/><\/a><\/p>\n<p>&nbsp;<\/p>\n<p>&nbsp;<\/p>\n<p><!--more--><\/p>\n<p style=\"text-align: justify;\"><strong>Popis:<\/strong><\/p>\n<p style=\"text-align: justify;\">dovolujeme si V\u00e1s oslovit s \u017e\u00e1dost\u00ed o finan\u010dn\u00ed podporu pro handicapovan\u00e9 sportovce a tren\u00e9ry\/doprovody. Finan\u010dn\u00ed podpora n\u00e1m pom\u016f\u017ee k uskute\u010dn\u011bn\u00ed \u00fa\u010dasti na mezin\u00e1rodn\u00edch z\u00e1vodech (Croatia Open, Berlin Open , Mistrovstv\u00ed sv\u011bta v Lond\u00fdn\u011b) kde je t\u0159eba i dod\u011blat po\u017eadovanou mezin\u00e1rodn\u00ed klasifikaci pro mo\u017enost zapo\u010d\u00edt\u00e1v\u00e1n\u00ed v\u00fdkon\u016f z vrha\u010dsk\u00fdch discipl\u00edn &#8211; hod diskem, vrh koul\u00ed a hod o\u0161t\u011bpem.\u00a0<\/p>\n<p style=\"text-align: justify;\"><span style=\"text-decoration: underline;\">Pokud n\u00e1s podpo\u0159\u00edte nemal\u00fdmi \u010d\u00e1stkami r\u00e1di V\u00e1m za odm\u011bnu:<\/span><\/p>\n<ul>\n<li>do 300,- &#8211; po\u0161leme V\u00e1m pohled z m\u00edsta, kde prob\u00edhaj\u00ed klasifikace a z\u00e1vody<\/li>\n<li>do 1000, &#8211; n\u00e1kr\u010dn\u00edk AK Olomouc<\/li>\n<li>do 5000,- &#8211; klubov\u00e9 tri\u010dko AK Olomouc s podpisy na\u0161ich handicapovan\u00fdch sportovc\u016f<\/li>\n<\/ul>\n<p>P\u0159edem V\u00e1m moc d\u011bkujeme za Va\u0161\u00ed podporu, kter\u00e9 si v\u00e1\u017e\u00edme.\u00a0<\/p>\n<p style=\"text-align: justify;\">\u00a0<\/p>\n<p style=\"text-align: justify;\">\u00a0<\/p>\n<p>&nbsp;<\/p>\n<p>&nbsp;<\/p>\n","protected":false},"excerpt":{"rendered":"<p>\u00da\u010del projektu: Finan\u010dn\u00ed podpora na zaji\u0161t\u011bn\u00ed mezin\u00e1rodn\u00edch klasifikac\u00ed a z\u00e1vod\u016f v zahrani\u010d\u00ed. Term\u00edn realizace projektu:kv\u011bten &#8211; \u010derven 2017 Pot\u0159ebn\u00e9 finan\u010dn\u00ed prost\u0159edky:30 000,-\u00a0 &nbsp; &nbsp;<\/p>\n","protected":false},"author":11,"featured_media":0,"comment_status":"closed","ping_status":"closed","sticky":false,"template":"","format":"standard","meta":{"ngg_post_thumbnail":0},"categories":[59],"tags":[],"_links":{"self":[{"href":"https:\/\/old.atletikaolomouc.cz\/index.php?rest_route=\/wp\/v2\/posts\/8709"}],"collection":[{"href":"https:\/\/old.atletikaolomouc.cz\/index.php?rest_route=\/wp\/v2\/posts"}],"about":[{"href":"https:\/\/old.atletikaolomouc.cz\/index.php?rest_route=\/wp\/v2\/types\/post"}],"author":[{"embeddable":true,"href":"https:\/\/old.atletikaolomouc.cz\/index.php?rest_route=\/wp\/v2\/users\/11"}],"replies":[{"embeddable":true,"href":"https:\/\/old.atletikaolomouc.cz\/index.php?rest_route=%2Fwp%2Fv2%2Fcomments&post=8709"}],"version-history":[{"count":18,"href":"https:\/\/old.atletikaolomouc.cz\/index.php?rest_route=\/wp\/v2\/posts\/8709\/revisions"}],"predecessor-version":[{"id":8829,"href":"https:\/\/old.atletikaolomouc.cz\/index.php?rest_route=\/wp\/v2\/posts\/8709\/revisions\/8829"}],"wp:attachment":[{"href":"https:\/\/old.atletikaolomouc.cz\/index.php?rest_route=%2Fwp%2Fv2%2Fmedia&parent=8709"}],"wp:term":[{"taxonomy":"category","embeddable":true,"href":"https:\/\/old.atletikaolomouc.cz\/index.php?rest_route=%2Fwp%2Fv2%2Fcategories&post=8709"},{"taxonomy":"post_tag","embeddable":true,"href":"https:\/\/old.atletikaolomouc.cz\/index.php?rest_route=%2Fwp%2Fv2%2Ftags&post=8709"}],"curies":[{"name":"wp","href":"https:\/\/api.w.org\/{rel}","templated":true}]}}