{"id":8774,"date":"2017-05-03T13:07:57","date_gmt":"2017-05-03T11:07:57","guid":{"rendered":"http:\/\/www.atletikaolomouc.cz\/?p=8774"},"modified":"2017-05-23T14:33:59","modified_gmt":"2017-05-23T12:33:59","slug":"detska-zlata-liga-2017-2","status":"publish","type":"post","link":"https:\/\/old.atletikaolomouc.cz\/?p=8774","title":{"rendered":"D\u011btsk\u00e1 Zlat\u00e1 liga 2017"},"content":{"rendered":"<p style=\"text-align: center;\"><span style=\"font-size: medium;\"><strong>D\u011btsk\u00e1 Zlat\u00e1 liga 2017<\/strong><\/span><br \/><strong><span style=\"font-size: medium;\">Boj o \u010dokol\u00e1dov\u00fd zlat\u00fd poklad<\/span><!--more--><\/strong><\/p>\n<p><strong>Term\u00edny:<\/strong><\/p>\n<table border=\"0\">\n<tbody>\n<tr>\n<td>1. kolo<\/td>\n<td>10.5.2017 \u00a0 \u00a0 stadion TJ Lokomotiva Olomouc<\/td>\n<td><a href=\"http:\/\/www.atletikaolomouc.cz\/wp-content\/uploads\/2017\/05\/1.-kolo-D\u011btsk\u00e9-Zlat\u00e9-ligy-2017-v\u00fdsledky-komplet-3.pdf\" target=\"_blank\">v\u00fdsledky<\/a><\/td>\n<\/tr>\n<tr>\n<td>2. kolo<\/td>\n<td>22.5.2017 \u00a0 \u00a0 stadion TJ Lokomotiva Olomouc<\/td>\n<td><a href=\"http:\/\/www.atletikaolomouc.cz\/wp-content\/uploads\/2016\/12\/2.-kolo-D\u011btsk\u00e9-Zlat\u00e9-ligy-2017-v\u00fdsledky-komplet-2.pdf\" target=\"_blank\">v\u00fdsledky<\/a><\/td>\n<\/tr>\n<tr>\n<td>Fin\u00e1le<\/td>\n<td>07.6.2017 \u00a0 \u00a0 stadion TJ Lokomotiva Olomouc<\/td>\n<td>\u00a0<\/td>\n<\/tr>\n<\/tbody>\n<\/table>\n<p>Za\u010d\u00e1tek z\u00e1vodu pro mlad\u0161\u00ed \u017eactvo (2004-2005) od 15:00, ostatn\u00ed od 16:00.<\/p>\n<p><strong>P\u0159ihl\u00e1\u0161ky:<\/strong><br \/>Z\u00e1vodn\u00edci se p\u0159ihla\u0161uj\u00ed na m\u00edst\u011b v den z\u00e1vodu od 14:00 mlad\u0161\u00ed \u017eactvo, ostatn\u00ed kategorie od 15:00 do 15:45 hodin. \u00a0Z\u00fa\u010dastnit se mohou v\u0161echny d\u011bti Olomouck\u00e9ho regionu v dan\u00e9 v\u011bkov\u00e9 kategorii.<\/p>\n<p><strong>Kategorie:<br \/><\/strong><\/p>\n<table border=\"0\">\n<tbody>\n<tr>\n<td>Mal\u00e1 p\u0159\u00edpravka<\/td>\n<td>2008-2010<\/td>\n<\/tr>\n<tr>\n<td>Velk\u00e1 p\u0159\u00edpravka<\/td>\n<td>2006-2007<\/td>\n<\/tr>\n<tr>\n<td>Mlad\u0161\u00ed \u017eactvo<\/td>\n<td>2004-2005<\/td>\n<\/tr>\n<\/tbody>\n<\/table>\n<p><strong>Syst\u00e9m z\u00e1vodu:<\/strong><br \/>Sout\u011b\u017e\u00ed se formou atletick\u00e9ho v\u00edceboje.<\/p>\n<table border=\"0\">\n<tbody>\n<tr>\n<td>Kategorie:<\/td>\n<td>Discipliny:<\/td>\n<\/tr>\n<tr>\n<td>Mal\u00e1 p\u0159\u00edpravka<\/td>\n<td>60m, skok dalek\u00fd, hod m\u00ed\u010dkem, p\u0159ek\u00e1\u017ekov\u00e1 dr\u00e1ha, 400m<\/td>\n<\/tr>\n<tr>\n<td>Velk\u00e1 p\u0159\u00edpravka<\/td>\n<td>60m, skok dalek\u00fd, hod m\u00ed\u010dkem, p\u0159ek\u00e1\u017ekov\u00e1 dr\u00e1ha, 600m<\/td>\n<\/tr>\n<tr>\n<td>Mlad\u0161\u00ed \u017eactvo<\/td>\n<td>60m, skok dalek\u00fd, hod m\u00ed\u010dkem, 60m p\u0159., 800m<\/td>\n<\/tr>\n<\/tbody>\n<\/table>\n<p><strong>Vyhodnocen\u00ed a ceny:<\/strong><br \/><em>1. a 2. kolo:<\/em><br \/>Po\u0159ad\u00ed bude ur\u010deno na z\u00e1klad\u011b bodov\u00e9ho sou\u010dtu jednotliv\u00fdch discipl\u00edn v\u00edceboje. Prvn\u00ed 3 v\u00edceboja\u0159i v ka\u017ed\u00e9 kategorii obdr\u017e\u00ed medaile. Z\u00e1vodn\u00edci na dal\u0161\u00edch m\u00edstech obdr\u017e\u00ed sladkou odm\u011bnu.<\/p>\n<p><em>Fin\u00e1le:<\/em><br \/>Po\u0159ad\u00ed bude ur\u010deno na z\u00e1klad\u011b bodov\u00e9ho sou\u010dtu jednotliv\u00fdch discipl\u00edn v\u00edceboje. Prvn\u00ed 3 v\u00edceboja\u0159i v ka\u017ed\u00e9 kategorii obdr\u017e\u00ed medaile. Z\u00e1vodn\u00edci na dal\u0161\u00edch m\u00edstech obdr\u017e\u00ed sladkou odm\u011bnu.<br \/>Ve fin\u00e1le bude vyhodnocen nejlep\u0161\u00ed v\u00edceboja\u0159 v ka\u017ed\u00e9 kategorii sou\u010dtem bod\u016f ze v\u0161ech t\u0159\u00ed z\u00e1vod\u016f a z\u00edsk\u00e1 poh\u00e1r pro nejlep\u0161\u00edho v\u00edceboja\u0159e.<\/p>\n<p><em>Boj o \u010dokol\u00e1dov\u00fd zlat\u00fd poklad:<\/em><br \/>Syst\u00e9m je stejn\u00fd jako v celosv\u011btov\u011b zn\u00e1m\u00e9 sout\u011b\u017ei dosp\u011bl\u00fdch Golden Leauge. Pod\u00edl na \u010dokol\u00e1dov\u00e9m zlat\u00e9m pokladu z\u00edsk\u00e1 ten z\u00e1vodn\u00edk, kter\u00fd na v\u0161ech t\u0159ech z\u00e1vodech zv\u00edt\u011bz\u00ed v jedn\u00e9 z disciplin: 60m, 60m p\u0159., skok dalek\u00fd, hod m\u00ed\u010dkem, p\u0159ek\u00e1\u017ekov\u00e1 dr\u00e1ha, vytrvalostn\u00ed b\u011bh a nejlep\u0161\u00ed v\u00edceboja\u0159i.<\/p>\n<p><strong>Informace:<\/strong><br \/>David Uhl\u00ed\u0159<br \/>Tel: +420 737 572 927<br \/>Email:\u00a0\u00a0 \u00a0daviduhl@post.cz<br \/>http:\/\/www.atletikaolomouc.cz\/<\/p>\n","protected":false},"excerpt":{"rendered":"<p>D\u011btsk\u00e1 Zlat\u00e1 liga 2017Boj o \u010dokol\u00e1dov\u00fd zlat\u00fd poklad<\/p>\n","protected":false},"author":10,"featured_media":8777,"comment_status":"closed","ping_status":"closed","sticky":false,"template":"","format":"standard","meta":{"ngg_post_thumbnail":0},"categories":[5,6,37,25,19],"tags":[],"_links":{"self":[{"href":"https:\/\/old.atletikaolomouc.cz\/index.php?rest_route=\/wp\/v2\/posts\/8774"}],"collection":[{"href":"https:\/\/old.atletikaolomouc.cz\/index.php?rest_route=\/wp\/v2\/posts"}],"about":[{"href":"https:\/\/old.atletikaolomouc.cz\/index.php?rest_route=\/wp\/v2\/types\/post"}],"author":[{"embeddable":true,"href":"https:\/\/old.atletikaolomouc.cz\/index.php?rest_route=\/wp\/v2\/users\/10"}],"replies":[{"embeddable":true,"href":"https:\/\/old.atletikaolomouc.cz\/index.php?rest_route=%2Fwp%2Fv2%2Fcomments&post=8774"}],"version-history":[{"count":9,"href":"https:\/\/old.atletikaolomouc.cz\/index.php?rest_route=\/wp\/v2\/posts\/8774\/revisions"}],"predecessor-version":[{"id":8960,"href":"https:\/\/old.atletikaolomouc.cz\/index.php?rest_route=\/wp\/v2\/posts\/8774\/revisions\/8960"}],"wp:featuredmedia":[{"embeddable":true,"href":"https:\/\/old.atletikaolomouc.cz\/index.php?rest_route=\/wp\/v2\/media\/8777"}],"wp:attachment":[{"href":"https:\/\/old.atletikaolomouc.cz\/index.php?rest_route=%2Fwp%2Fv2%2Fmedia&parent=8774"}],"wp:term":[{"taxonomy":"category","embeddable":true,"href":"https:\/\/old.atletikaolomouc.cz\/index.php?rest_route=%2Fwp%2Fv2%2Fcategories&post=8774"},{"taxonomy":"post_tag","embeddable":true,"href":"https:\/\/old.atletikaolomouc.cz\/index.php?rest_route=%2Fwp%2Fv2%2Ftags&post=8774"}],"curies":[{"name":"wp","href":"https:\/\/api.w.org\/{rel}","templated":true}]}}