{"id":8927,"date":"2017-05-19T12:21:21","date_gmt":"2017-05-19T10:21:21","guid":{"rendered":"http:\/\/www.atletikaolomouc.cz\/?p=8927"},"modified":"2017-05-19T12:23:27","modified_gmt":"2017-05-19T10:23:27","slug":"druzstva-pripravek-zahajila-na-vybornou","status":"publish","type":"post","link":"https:\/\/old.atletikaolomouc.cz\/?p=8927","title":{"rendered":"Dru\u017estva p\u0159\u00edpravek zah\u00e1jila na v\u00fdbornou"},"content":{"rendered":"<p style=\"text-align: justify;\">Za kr\u00e1sn\u00e9ho a slune\u010dn\u00e9ho po\u010das\u00ed se dne 18. 5. konalo v \u0160umperku 1. kolo krajsk\u00e9ho p\u0159eboru dru\u017estev atletick\u00fdch p\u0159\u00edpravek.<!--more--><\/p>\n<p style=\"text-align: justify;\">Ob\u011b na\u0161e dru\u017estva nenechala nic n\u00e1hod\u011b a dorazila na z\u00e1vody v pln\u00e9m po\u010dtu a p\u0159ipravena. Kluci podle o\u010dek\u00e1v\u00e1n\u00ed v prvn\u00edm kole s n\u00e1skokem zv\u00edt\u011bzili a nakro\u010dili v\u00fdborn\u011b za obhajobou lo\u0148sk\u00e9ho prvenstv\u00ed. Holky senza\u010dn\u011b, mus\u00edm \u0159\u00edct i trochu se \u0161t\u011bst\u00edm, obsadily skv\u011bl\u00e9 druh\u00e9 m\u00edsto. Snad se bude da\u0159it i na p\u0159\u00ed\u0161t\u00edch kolech.<\/p>\n<p>D\u011bkujeme v\u0161em d\u011btem za vzornou reprezentaci AK Olomouc a rodi\u010d\u016fm za spolupr\u00e1ci.<\/p>\n<p>P\u0159\u00ed\u0161t\u00ed kolo se kon\u00e1 v \u00fater\u00fd 30. 5. a jedeme tentokr\u00e1t do Prost\u011bjova.<\/p>\n<p>Zpravodaj dru\u017estva v\u010detn\u011b bodov\u00e1n\u00ed jednotliv\u00fdch z\u00e1vodn\u00edk\u016f<a title=\"Zpravodaj p\u0159\u00edpravek po 1. kole 2017\" href=\"http:\/\/www.atletikaolomouc.cz\/wp-content\/uploads\/2017\/05\/Zpravodaj-po-1.-kole1.pdf\" target=\"_blank\"> zde<\/a>.<\/p>\n<p>Foto medailist\u016f <a title=\"Foto p\u0159\u00edpravky 1. kolo\" href=\"https:\/\/plus.google.com\/103752916514328530520\/posts\/91qj6qq5Utb\" target=\"_blank\">zde<\/a>.<\/p>\n<p>Kompletn\u00ed v\u00fdsledky k nahl\u00e9dnut\u00ed <a title=\"V\u00fdsledky 1. kolo KPD p\u0159\u00edpravek 2017\" href=\"http:\/\/online.atletika.cz\/vysledky\/30807\/\" target=\"_blank\">zde<\/a>.<\/p>\n","protected":false},"excerpt":{"rendered":"<p>Za kr\u00e1sn\u00e9ho a slune\u010dn\u00e9ho po\u010das\u00ed se dne 18. 5. konalo v \u0160umperku 1. kolo krajsk\u00e9ho p\u0159eboru dru\u017estev atletick\u00fdch p\u0159\u00edpravek.<\/p>\n","protected":false},"author":10,"featured_media":8928,"comment_status":"closed","ping_status":"closed","sticky":false,"template":"","format":"standard","meta":{"ngg_post_thumbnail":0},"categories":[5,6,37,25,19],"tags":[],"_links":{"self":[{"href":"https:\/\/old.atletikaolomouc.cz\/index.php?rest_route=\/wp\/v2\/posts\/8927"}],"collection":[{"href":"https:\/\/old.atletikaolomouc.cz\/index.php?rest_route=\/wp\/v2\/posts"}],"about":[{"href":"https:\/\/old.atletikaolomouc.cz\/index.php?rest_route=\/wp\/v2\/types\/post"}],"author":[{"embeddable":true,"href":"https:\/\/old.atletikaolomouc.cz\/index.php?rest_route=\/wp\/v2\/users\/10"}],"replies":[{"embeddable":true,"href":"https:\/\/old.atletikaolomouc.cz\/index.php?rest_route=%2Fwp%2Fv2%2Fcomments&post=8927"}],"version-history":[{"count":7,"href":"https:\/\/old.atletikaolomouc.cz\/index.php?rest_route=\/wp\/v2\/posts\/8927\/revisions"}],"predecessor-version":[{"id":8936,"href":"https:\/\/old.atletikaolomouc.cz\/index.php?rest_route=\/wp\/v2\/posts\/8927\/revisions\/8936"}],"wp:featuredmedia":[{"embeddable":true,"href":"https:\/\/old.atletikaolomouc.cz\/index.php?rest_route=\/wp\/v2\/media\/8928"}],"wp:attachment":[{"href":"https:\/\/old.atletikaolomouc.cz\/index.php?rest_route=%2Fwp%2Fv2%2Fmedia&parent=8927"}],"wp:term":[{"taxonomy":"category","embeddable":true,"href":"https:\/\/old.atletikaolomouc.cz\/index.php?rest_route=%2Fwp%2Fv2%2Fcategories&post=8927"},{"taxonomy":"post_tag","embeddable":true,"href":"https:\/\/old.atletikaolomouc.cz\/index.php?rest_route=%2Fwp%2Fv2%2Ftags&post=8927"}],"curies":[{"name":"wp","href":"https:\/\/api.w.org\/{rel}","templated":true}]}}