{"id":8996,"date":"2017-05-31T09:46:51","date_gmt":"2017-05-31T07:46:51","guid":{"rendered":"http:\/\/www.atletikaolomouc.cz\/?p=8996"},"modified":"2017-05-31T09:46:51","modified_gmt":"2017-05-31T07:46:51","slug":"druzstva-pripravek-bojovala-s-vetrem-a-destem-v-prostejove","status":"publish","type":"post","link":"https:\/\/old.atletikaolomouc.cz\/?p=8996","title":{"rendered":"Dru\u017estva p\u0159\u00edpravek bojovala s v\u011btrem a de\u0161t\u011bm v Prost\u011bjov\u011b"},"content":{"rendered":"<p>Za velmi nep\u0159\u00edzniv\u00e9ho po\u010das\u00ed se v \u00fater\u00fd 30. 5. uskute\u010dnilo v Prost\u011bjov\u011b druh\u00e9 kolo sout\u011b\u017ee dru\u017estev atletick\u00fdch p\u0159\u00edpravek.<!--more--><\/p>\n<p style=\"text-align: justify;\">Z\u00e1vody byly po\u010das\u00edm opravdu velmi ovlivn\u011bny a byli jsme v\u0161ichni r\u00e1di, \u017ee jsme to ve zdrav\u00ed zvl\u00e1dli. Ob\u011b na\u0161e dru\u017estva state\u010dn\u011b bojovala. Kluci s p\u0159ehledem op\u011bt vyhr\u00e1li a vypad\u00e1 to velmi nad\u011bjn\u011b s obhajobou celkov\u00e9ho v\u00edt\u011bzstv\u00ed. D\u00edvky se praly o ka\u017ed\u00fd bod\u00edk a v tomto kole to sta\u010dilo na t\u0159et\u00ed m\u00edsto.\u00a0<\/p>\n<p>Zpravodaj dru\u017estva po druh\u00e9m kole v\u010detn\u011b bodov\u00e1n\u00ed jednotliv\u00fdch z\u00e1vodn\u00edk\u016f <a title=\"p\u0159\u00edpravky 2. kolo\" href=\"http:\/\/www.atletikaolomouc.cz\/wp-content\/uploads\/2017\/05\/Zpravodaj-po-2.-kole-v\u010detn\u011b-bodov\u00e1n\u00ed1.pdf\" target=\"_blank\">zde.<\/a><\/p>\n<p>Fin\u00e1lov\u00e9 kolo se kon\u00e1 14. 6. na stadionu v Olomouci. T\u011b\u0161\u00edme se na v\u0161echny fanou\u0161ky.<\/p>\n","protected":false},"excerpt":{"rendered":"<p>Za velmi nep\u0159\u00edzniv\u00e9ho po\u010das\u00ed se v \u00fater\u00fd 30. 5. uskute\u010dnilo v Prost\u011bjov\u011b druh\u00e9 kolo sout\u011b\u017ee dru\u017estev atletick\u00fdch p\u0159\u00edpravek.<\/p>\n","protected":false},"author":10,"featured_media":0,"comment_status":"closed","ping_status":"closed","sticky":false,"template":"","format":"standard","meta":{"ngg_post_thumbnail":0},"categories":[5,6,25,19],"tags":[],"_links":{"self":[{"href":"https:\/\/old.atletikaolomouc.cz\/index.php?rest_route=\/wp\/v2\/posts\/8996"}],"collection":[{"href":"https:\/\/old.atletikaolomouc.cz\/index.php?rest_route=\/wp\/v2\/posts"}],"about":[{"href":"https:\/\/old.atletikaolomouc.cz\/index.php?rest_route=\/wp\/v2\/types\/post"}],"author":[{"embeddable":true,"href":"https:\/\/old.atletikaolomouc.cz\/index.php?rest_route=\/wp\/v2\/users\/10"}],"replies":[{"embeddable":true,"href":"https:\/\/old.atletikaolomouc.cz\/index.php?rest_route=%2Fwp%2Fv2%2Fcomments&post=8996"}],"version-history":[{"count":3,"href":"https:\/\/old.atletikaolomouc.cz\/index.php?rest_route=\/wp\/v2\/posts\/8996\/revisions"}],"predecessor-version":[{"id":9001,"href":"https:\/\/old.atletikaolomouc.cz\/index.php?rest_route=\/wp\/v2\/posts\/8996\/revisions\/9001"}],"wp:attachment":[{"href":"https:\/\/old.atletikaolomouc.cz\/index.php?rest_route=%2Fwp%2Fv2%2Fmedia&parent=8996"}],"wp:term":[{"taxonomy":"category","embeddable":true,"href":"https:\/\/old.atletikaolomouc.cz\/index.php?rest_route=%2Fwp%2Fv2%2Fcategories&post=8996"},{"taxonomy":"post_tag","embeddable":true,"href":"https:\/\/old.atletikaolomouc.cz\/index.php?rest_route=%2Fwp%2Fv2%2Ftags&post=8996"}],"curies":[{"name":"wp","href":"https:\/\/api.w.org\/{rel}","templated":true}]}}