{"id":9044,"date":"2017-06-08T10:02:50","date_gmt":"2017-06-08T08:02:50","guid":{"rendered":"http:\/\/www.atletikaolomouc.cz\/?p=9044"},"modified":"2017-06-08T10:02:50","modified_gmt":"2017-06-08T08:02:50","slug":"ukonceni-treninku-pripravek-prihlaska-na-pristi-skolni-rok","status":"publish","type":"post","link":"https:\/\/old.atletikaolomouc.cz\/?p=9044","title":{"rendered":"Ukon\u010den\u00ed tr\u00e9nink\u016f p\u0159\u00edpravek, p\u0159ihl\u00e1\u0161ka na p\u0159\u00ed\u0161t\u00ed \u0161koln\u00ed rok"},"content":{"rendered":"<p style=\"text-align: justify;\">Tr\u00e9ninky atletick\u00fdch p\u0159\u00edpravek v leto\u0161n\u00edm \u0161koln\u00edm roce kon\u010d\u00ed v p\u00e1tek 23. 6. 2017. P\u0159ihl\u00e1\u0161ky na p\u0159\u00ed\u0161t\u00ed \u0161koln\u00ed rok prob\u011bhnou prost\u0159ednictv\u00edm online registrace od 12. 6. 2017. Tr\u00e9ninky v p\u0159\u00ed\u0161t\u00edm \u0161koln\u00edm roce za\u010dnou v pond\u011bl\u00ed 11. 9. 2017. P\u0159ejeme hezk\u00e9 letn\u00ed pr\u00e1zdniny a d\u011bkujeme V\u00e1m za p\u0159\u00edze\u0148.<\/p>\n","protected":false},"excerpt":{"rendered":"<p>Tr\u00e9ninky atletick\u00fdch p\u0159\u00edpravek v leto\u0161n\u00edm \u0161koln\u00edm roce kon\u010d\u00ed v p\u00e1tek 23. 6. 2017. P\u0159ihl\u00e1\u0161ky na p\u0159\u00ed\u0161t\u00ed \u0161koln\u00ed rok prob\u011bhnou prost\u0159ednictv\u00edm online registrace od 12. 6. 2017. Tr\u00e9ninky v p\u0159\u00ed\u0161t\u00edm \u0161koln\u00edm roce za\u010dnou v pond\u011bl\u00ed 11. 9. 2017. P\u0159ejeme hezk\u00e9 letn\u00ed &hellip; <a href=\"https:\/\/old.atletikaolomouc.cz\/?p=9044\">Continue reading <span class=\"meta-nav\">&rarr;<\/span><\/a><\/p>\n","protected":false},"author":10,"featured_media":0,"comment_status":"closed","ping_status":"closed","sticky":false,"template":"","format":"standard","meta":{"ngg_post_thumbnail":0},"categories":[5,6,25,19],"tags":[],"_links":{"self":[{"href":"https:\/\/old.atletikaolomouc.cz\/index.php?rest_route=\/wp\/v2\/posts\/9044"}],"collection":[{"href":"https:\/\/old.atletikaolomouc.cz\/index.php?rest_route=\/wp\/v2\/posts"}],"about":[{"href":"https:\/\/old.atletikaolomouc.cz\/index.php?rest_route=\/wp\/v2\/types\/post"}],"author":[{"embeddable":true,"href":"https:\/\/old.atletikaolomouc.cz\/index.php?rest_route=\/wp\/v2\/users\/10"}],"replies":[{"embeddable":true,"href":"https:\/\/old.atletikaolomouc.cz\/index.php?rest_route=%2Fwp%2Fv2%2Fcomments&post=9044"}],"version-history":[{"count":1,"href":"https:\/\/old.atletikaolomouc.cz\/index.php?rest_route=\/wp\/v2\/posts\/9044\/revisions"}],"predecessor-version":[{"id":9045,"href":"https:\/\/old.atletikaolomouc.cz\/index.php?rest_route=\/wp\/v2\/posts\/9044\/revisions\/9045"}],"wp:attachment":[{"href":"https:\/\/old.atletikaolomouc.cz\/index.php?rest_route=%2Fwp%2Fv2%2Fmedia&parent=9044"}],"wp:term":[{"taxonomy":"category","embeddable":true,"href":"https:\/\/old.atletikaolomouc.cz\/index.php?rest_route=%2Fwp%2Fv2%2Fcategories&post=9044"},{"taxonomy":"post_tag","embeddable":true,"href":"https:\/\/old.atletikaolomouc.cz\/index.php?rest_route=%2Fwp%2Fv2%2Ftags&post=9044"}],"curies":[{"name":"wp","href":"https:\/\/api.w.org\/{rel}","templated":true}]}}