{"id":9080,"date":"2017-06-15T12:57:41","date_gmt":"2017-06-15T10:57:41","guid":{"rendered":"http:\/\/www.atletikaolomouc.cz\/?p=9080"},"modified":"2017-06-15T13:04:44","modified_gmt":"2017-06-15T11:04:44","slug":"finale-krajskeho-preboru-druzstev-pripravek","status":"publish","type":"post","link":"https:\/\/old.atletikaolomouc.cz\/?p=9080","title":{"rendered":"Fin\u00e1le krajsk\u00e9ho p\u0159eboru dru\u017estev p\u0159\u00edpravek"},"content":{"rendered":"<p style=\"text-align: justify;\">Za skv\u011bl\u00e9 atmosf\u00e9ry, podpo\u0159en\u00e9 spoustou dom\u00e1c\u00edch fanou\u0161k\u016f, se dne 14. 6. 2017 uskute\u010dnilo fin\u00e1lov\u00e9 kolo krajsk\u00e9ho p\u0159eboru dru\u017estev atletick\u00fdch p\u0159\u00edpravek.<!--more--><\/p>\n<p style=\"text-align: justify;\">Dru\u017estvo chlapc\u016f nenechalo nic n\u00e1hod\u011b, nastoupilo v\u00a0nejsiln\u011bj\u0161\u00ed mo\u017en\u00e9 sestav\u011b a s\u00a0velk\u00fdm p\u0159ehledem zv\u00edt\u011bzilo i v\u00a0tomto kole a slavili jsme op\u011bt v\u00edt\u011bzstv\u00ed v cel\u00e9 sout\u011b\u017ei.<\/p>\n<p style=\"text-align: justify;\">Dru\u017estvo d\u00edvek ve t\u0159et\u00edm kole obsadilo t\u0159et\u00ed p\u0159\u00ed\u010dku, o kter\u00e9 rozhodlo a\u017e pomocn\u00e9 krit\u00e9rium v\u011bt\u0161\u00ed po\u010det druh\u00fdch m\u00edst. Celkov\u011b ve velmi vyrovnan\u00e9 sout\u011b\u017ei skon\u010dily d\u00edvky na p\u011bkn\u00e9m t\u0159et\u00edm m\u00edst\u011b.\u00a0<\/p>\n<p style=\"text-align: justify;\"><strong>GRATULUJEME!!!<\/strong><\/p>\n<p style=\"text-align: justify;\">D\u011bkujeme v\u0161em \u00fa\u010dastn\u00edk\u016fm za vzornou reprezentaci Atletick\u00e9ho klubu Olomouc.<\/p>\n<p><strong>P\u0159ejeme V\u0161em z\u00e1vodn\u00edk\u016fm a rodi\u010d\u016fm p\u0159\u00edjemn\u00e9 pro\u017eit\u00ed letn\u00edch pr\u00e1zdnin a t\u011b\u0161\u00edme se na p\u0159\u00ed\u0161t\u00ed ro\u010dn\u00edk.<\/strong><\/p>\n<p style=\"text-align: justify;\">Zpravodaj dru\u017estva dostupn\u00fd <a title=\"Zpravodaj p\u0159\u00edpravek po 3. kole\" href=\"http:\/\/www.atletikaolomouc.cz\/wp-content\/uploads\/2017\/06\/Zpravodaj-po-3.-kole-v\u010detn\u011b-bodov\u00e1n\u00ed.pdf\" target=\"_blank\">zde<\/a>.<\/p>\n<p style=\"text-align: justify;\">Kompletn\u00ed v\u00fdsledky dostupn\u00e9 <a href=\"http:\/\/online.atletika.cz\/vysledky\/31240\/\" target=\"_blank\">zde<\/a>.<\/p>\n","protected":false},"excerpt":{"rendered":"<p>Za skv\u011bl\u00e9 atmosf\u00e9ry, podpo\u0159en\u00e9 spoustou dom\u00e1c\u00edch fanou\u0161k\u016f, se dne 14. 6. 2017 uskute\u010dnilo fin\u00e1lov\u00e9 kolo krajsk\u00e9ho p\u0159eboru dru\u017estev atletick\u00fdch p\u0159\u00edpravek.<\/p>\n","protected":false},"author":10,"featured_media":9082,"comment_status":"closed","ping_status":"closed","sticky":false,"template":"","format":"standard","meta":{"ngg_post_thumbnail":0},"categories":[5,6,37,25,19],"tags":[],"_links":{"self":[{"href":"https:\/\/old.atletikaolomouc.cz\/index.php?rest_route=\/wp\/v2\/posts\/9080"}],"collection":[{"href":"https:\/\/old.atletikaolomouc.cz\/index.php?rest_route=\/wp\/v2\/posts"}],"about":[{"href":"https:\/\/old.atletikaolomouc.cz\/index.php?rest_route=\/wp\/v2\/types\/post"}],"author":[{"embeddable":true,"href":"https:\/\/old.atletikaolomouc.cz\/index.php?rest_route=\/wp\/v2\/users\/10"}],"replies":[{"embeddable":true,"href":"https:\/\/old.atletikaolomouc.cz\/index.php?rest_route=%2Fwp%2Fv2%2Fcomments&post=9080"}],"version-history":[{"count":6,"href":"https:\/\/old.atletikaolomouc.cz\/index.php?rest_route=\/wp\/v2\/posts\/9080\/revisions"}],"predecessor-version":[{"id":9088,"href":"https:\/\/old.atletikaolomouc.cz\/index.php?rest_route=\/wp\/v2\/posts\/9080\/revisions\/9088"}],"wp:featuredmedia":[{"embeddable":true,"href":"https:\/\/old.atletikaolomouc.cz\/index.php?rest_route=\/wp\/v2\/media\/9082"}],"wp:attachment":[{"href":"https:\/\/old.atletikaolomouc.cz\/index.php?rest_route=%2Fwp%2Fv2%2Fmedia&parent=9080"}],"wp:term":[{"taxonomy":"category","embeddable":true,"href":"https:\/\/old.atletikaolomouc.cz\/index.php?rest_route=%2Fwp%2Fv2%2Fcategories&post=9080"},{"taxonomy":"post_tag","embeddable":true,"href":"https:\/\/old.atletikaolomouc.cz\/index.php?rest_route=%2Fwp%2Fv2%2Ftags&post=9080"}],"curies":[{"name":"wp","href":"https:\/\/api.w.org\/{rel}","templated":true}]}}