{"id":9113,"date":"2017-06-21T19:01:27","date_gmt":"2017-06-21T17:01:27","guid":{"rendered":"http:\/\/www.atletikaolomouc.cz\/?p=9113"},"modified":"2017-06-21T19:03:27","modified_gmt":"2017-06-21T17:03:27","slug":"2-kolo-zavodu-atletickych-skolek-2","status":"publish","type":"post","link":"https:\/\/old.atletikaolomouc.cz\/?p=9113","title":{"rendered":"2. kolo z\u00e1vodu atletick\u00fdch \u0161kolek"},"content":{"rendered":"<p>Za kr\u00e1sn\u00e9ho av\u0161ak skoro a\u017e tropick\u00e9ho po\u010das\u00ed se dne 21. 6. uskute\u010dnilo 2. kolo z\u00e1vod\u016f pro atletick\u00e9 \u0161kolky.<!--more--><\/p>\n<p style=\"text-align: justify;\">Z\u00fa\u010dastnilo se op\u011bt v\u00edce ne\u017e p\u011bt des\u00edtek mal\u00fdch atlet\u016f a sout\u011b\u017eili v \u0161esti discipl\u00edn\u00e1ch a to v b\u011bhu na 20 metr\u016f, skoku do d\u00e1lky z m\u00edsta i s rozb\u011bhem, hodu tenis\u00e1kem, p\u0159eskoc\u00edch a p\u0159ek\u00e1\u017ekov\u00e9m b\u011bhu. V\u0161ichni \u00fa\u010dastn\u00edci si odnesli sladkou odm\u011bnu a nejlep\u0161\u00edm byly p\u0159ed\u00e1ny kr\u00e1sn\u00e9 medaile a diplomy.\u00a0<\/p>\n<p>D\u011bkujeme v\u0161em za \u00fa\u010dast a t\u011b\u0161\u00edme se na p\u0159\u00ed\u0161t\u00ed ro\u010dn\u00edk.<\/p>\n<p>P\u0159ejeme tak\u00e9 hezk\u00e9 l\u00e9to a v z\u00e1\u0159i op\u011bt v na\u0161ich atletick\u00fdch \u0161koli\u010dk\u00e1ch na vid\u011bnou.<\/p>\n<p>Kompletn\u00ed v\u00fdsledky 2. kola z\u00e1vod\u016f dostupn\u00e9\u00a0<a title=\"V\u00fdsledky 2. kolo \u0161kolek 2017\" href=\"http:\/\/www.atletikaolomouc.cz\/wp-content\/uploads\/2017\/06\/V\u00fdsledky-2.-kolo.pdf\" target=\"_blank\">zde.<\/a><\/p>\n<p>P.S.: Nezapome\u0148te se na p\u0159\u00ed\u0161t\u00ed \u0161koln\u00ed rok op\u011bt zaregistrovat prost\u0159ednictv\u00edm na\u0161\u00ed online registrace na tomto odkaze:<a href=\"http:\/\/www.atletikaolomouc.cz\/?page_id=5096\" target=\"_blank\">\u00a0http:\/\/www.atletikaolomouc.cz\/?page_id=5096<\/a><\/p>\n<p>&nbsp;<\/p>\n","protected":false},"excerpt":{"rendered":"<p>Za kr\u00e1sn\u00e9ho av\u0161ak skoro a\u017e tropick\u00e9ho po\u010das\u00ed se dne 21. 6. uskute\u010dnilo 2. kolo z\u00e1vod\u016f pro atletick\u00e9 \u0161kolky.<\/p>\n","protected":false},"author":10,"featured_media":9114,"comment_status":"closed","ping_status":"closed","sticky":false,"template":"","format":"standard","meta":{"ngg_post_thumbnail":0},"categories":[5,6,25,19],"tags":[],"_links":{"self":[{"href":"https:\/\/old.atletikaolomouc.cz\/index.php?rest_route=\/wp\/v2\/posts\/9113"}],"collection":[{"href":"https:\/\/old.atletikaolomouc.cz\/index.php?rest_route=\/wp\/v2\/posts"}],"about":[{"href":"https:\/\/old.atletikaolomouc.cz\/index.php?rest_route=\/wp\/v2\/types\/post"}],"author":[{"embeddable":true,"href":"https:\/\/old.atletikaolomouc.cz\/index.php?rest_route=\/wp\/v2\/users\/10"}],"replies":[{"embeddable":true,"href":"https:\/\/old.atletikaolomouc.cz\/index.php?rest_route=%2Fwp%2Fv2%2Fcomments&post=9113"}],"version-history":[{"count":6,"href":"https:\/\/old.atletikaolomouc.cz\/index.php?rest_route=\/wp\/v2\/posts\/9113\/revisions"}],"predecessor-version":[{"id":9121,"href":"https:\/\/old.atletikaolomouc.cz\/index.php?rest_route=\/wp\/v2\/posts\/9113\/revisions\/9121"}],"wp:featuredmedia":[{"embeddable":true,"href":"https:\/\/old.atletikaolomouc.cz\/index.php?rest_route=\/wp\/v2\/media\/9114"}],"wp:attachment":[{"href":"https:\/\/old.atletikaolomouc.cz\/index.php?rest_route=%2Fwp%2Fv2%2Fmedia&parent=9113"}],"wp:term":[{"taxonomy":"category","embeddable":true,"href":"https:\/\/old.atletikaolomouc.cz\/index.php?rest_route=%2Fwp%2Fv2%2Fcategories&post=9113"},{"taxonomy":"post_tag","embeddable":true,"href":"https:\/\/old.atletikaolomouc.cz\/index.php?rest_route=%2Fwp%2Fv2%2Ftags&post=9113"}],"curies":[{"name":"wp","href":"https:\/\/api.w.org\/{rel}","templated":true}]}}