{"id":9220,"date":"2017-08-15T08:14:00","date_gmt":"2017-08-15T06:14:00","guid":{"rendered":"http:\/\/www.atletikaolomouc.cz\/?p=9220"},"modified":"2017-08-15T11:08:28","modified_gmt":"2017-08-15T09:08:28","slug":"tabor-v-tremesku-se-opet-vydaril","status":"publish","type":"post","link":"https:\/\/old.atletikaolomouc.cz\/?p=9220","title":{"rendered":"T\u00e1bor v T\u0159eme\u0161ku se op\u011bt vyda\u0159il"},"content":{"rendered":"<p style=\"text-align: justify;\">V rekordn\u00edm po\u010dtu 75 d\u011bt\u00ed a 9 vedouc\u00edch jsme se v term\u00ednu 5. a\u017e 12. srpna vydali na tradi\u010dn\u00ed atletick\u00fd t\u00e1bor do T\u0159eme\u0161ku.\u00a0<!--more--><\/p>\n<p style=\"text-align: justify;\">Po\u010das\u00ed n\u00e1m letos p\u0159\u00e1lo a a\u017e na dv\u011b no\u010dn\u00ed bou\u0159e sv\u00edtilo cel\u00fd t\u00fdden slun\u00ed\u010dko. U\u017eili jsme si t\u00fdden pln\u00fd sportu, z\u00e1bavy a t\u00e1borov\u00fdch aktivit. Ka\u017ed\u00e9 dru\u017estvo b\u011bhem t\u00fddne nato\u010dilo film na libovoln\u00e9 t\u00e9ma. Na z\u00e1v\u011bre\u010dn\u00e9m filmov\u00e9m festivalu jsme vybrali nejlep\u0161\u00ed herce, here\u010dky, kost\u00fdmy a v\u00edt\u011bzn\u00fd film cel\u00e9ho t\u00e1bora.<\/p>\n<p>V\u011b\u0159\u00edme, \u017ee byli v\u0161ichni spokojeni a t\u011b\u0161\u00edme se na p\u0159\u00ed\u0161t\u00ed ro\u010dn\u00edk.<\/p>\n<p>Filmy jsou dostupn\u00e9 ke sta\u017een\u00ed. Heslo: tremesek<\/p>\n<p>Film 1. Kouzeln\u00e1 bed\u00fdnka &#8211; Re\u017eie: Kope\u010dn\u00fd, Kotrlov\u00e1 ke sta\u017een\u00ed <a href=\"https:\/\/ulozto.cz\/!vwMCoavEtZRp\/kouzelna-bedynka-mp4\" target=\"_blank\">zde.<\/a><\/p>\n<p>Film 2. Sama doma &#8211; Re\u017eie: Novotn\u00fd R., Hanouskov\u00e1 ke sta\u017een\u00ed<a href=\"https:\/\/ulozto.cz\/!O1Q4AzS5e7Rt\/sama-doma-mov\" target=\"_blank\"> zde.<\/a><\/p>\n<p>Film 3. Krtek a tajemstv\u00ed lo\u0148sk\u00e9ho l\u00e9ta &#8211; Re\u017eie: Uhl\u00ed\u0159, Richt\u00e1rov\u00e1 ke sta\u017een\u00ed: 1. \u010d\u00e1st <a href=\"https:\/\/ulozto.cz\/!mlRv6tuGzG5p\/krtek2-0001-wmv\" target=\"_blank\">zde<\/a>, 2. \u010d\u00e1st <a href=\"https:\/\/ulozto.cz\/!abJAj71OV1J8\/krtek2-0002-wmv\" target=\"_blank\">zde<\/a>, 3. \u010d\u00e1st <a href=\"https:\/\/ulozto.cz\/!CkZfW4S4JvaU\/krtek2-0003-wmv\" target=\"_blank\">zde<\/a>.<\/p>\n<p>Film 4. \u0160krrrrr &#8211; Re\u017eie: Novotn\u00fd J., Novotn\u00e1 na nahr\u00e1n\u00ed na web se pracuje&#8230;, trailer <a href=\"https:\/\/uloz.to\/live\/!YsPS5U98neLZ\/baiu7616-mov\" target=\"_blank\">zde<\/a>.<\/p>\n<p><a href=\"http:\/\/www.atletikaolomouc.cz\/wp-content\/uploads\/2017\/08\/IMG_5018.jpg\"><img decoding=\"async\" loading=\"lazy\" class=\"aligncenter size-medium wp-image-9222\" title=\"IMG_5018\" src=\"http:\/\/www.atletikaolomouc.cz\/wp-content\/uploads\/2017\/08\/IMG_5018-300x225.jpg\" alt=\"\" width=\"300\" height=\"225\" srcset=\"https:\/\/old.atletikaolomouc.cz\/wp-content\/uploads\/2017\/08\/IMG_5018-300x225.jpg 300w, https:\/\/old.atletikaolomouc.cz\/wp-content\/uploads\/2017\/08\/IMG_5018-800x600.jpg 800w, https:\/\/old.atletikaolomouc.cz\/wp-content\/uploads\/2017\/08\/IMG_5018.jpg 1600w\" sizes=\"(max-width: 300px) 100vw, 300px\" \/><\/a><\/p>\n<p><a href=\"http:\/\/www.atletikaolomouc.cz\/wp-content\/uploads\/2017\/08\/IMG_5017.jpg\"><img decoding=\"async\" loading=\"lazy\" class=\"aligncenter size-medium wp-image-9223\" title=\"IMG_5017\" src=\"http:\/\/www.atletikaolomouc.cz\/wp-content\/uploads\/2017\/08\/IMG_5017-300x225.jpg\" alt=\"\" width=\"300\" height=\"225\" srcset=\"https:\/\/old.atletikaolomouc.cz\/wp-content\/uploads\/2017\/08\/IMG_5017-300x225.jpg 300w, https:\/\/old.atletikaolomouc.cz\/wp-content\/uploads\/2017\/08\/IMG_5017-800x600.jpg 800w, https:\/\/old.atletikaolomouc.cz\/wp-content\/uploads\/2017\/08\/IMG_5017.jpg 1600w\" sizes=\"(max-width: 300px) 100vw, 300px\" \/><\/a><\/p>\n<p><a href=\"http:\/\/www.atletikaolomouc.cz\/wp-content\/uploads\/2017\/08\/IMG_5012.jpg\"><img decoding=\"async\" loading=\"lazy\" class=\"aligncenter size-medium wp-image-9224\" title=\"IMG_5012\" src=\"http:\/\/www.atletikaolomouc.cz\/wp-content\/uploads\/2017\/08\/IMG_5012-300x225.jpg\" alt=\"\" width=\"300\" height=\"225\" srcset=\"https:\/\/old.atletikaolomouc.cz\/wp-content\/uploads\/2017\/08\/IMG_5012-300x225.jpg 300w, https:\/\/old.atletikaolomouc.cz\/wp-content\/uploads\/2017\/08\/IMG_5012-800x600.jpg 800w\" sizes=\"(max-width: 300px) 100vw, 300px\" \/><\/a><\/p>\n<p><a href=\"http:\/\/www.atletikaolomouc.cz\/wp-content\/uploads\/2017\/08\/IMG_5005.jpg\"><img decoding=\"async\" loading=\"lazy\" class=\"aligncenter size-medium wp-image-9225\" title=\"IMG_5005\" src=\"http:\/\/www.atletikaolomouc.cz\/wp-content\/uploads\/2017\/08\/IMG_5005-300x225.jpg\" alt=\"\" width=\"300\" height=\"225\" srcset=\"https:\/\/old.atletikaolomouc.cz\/wp-content\/uploads\/2017\/08\/IMG_5005-300x225.jpg 300w, https:\/\/old.atletikaolomouc.cz\/wp-content\/uploads\/2017\/08\/IMG_5005-800x600.jpg 800w\" sizes=\"(max-width: 300px) 100vw, 300px\" \/><\/a><\/p>\n","protected":false},"excerpt":{"rendered":"<p>V rekordn\u00edm po\u010dtu 75 d\u011bt\u00ed a 9 vedouc\u00edch jsme se v term\u00ednu 5. a\u017e 12. srpna vydali na tradi\u010dn\u00ed atletick\u00fd t\u00e1bor do T\u0159eme\u0161ku.\u00a0<\/p>\n","protected":false},"author":10,"featured_media":9221,"comment_status":"closed","ping_status":"closed","sticky":false,"template":"","format":"standard","meta":{"ngg_post_thumbnail":0},"categories":[6,37,19],"tags":[],"_links":{"self":[{"href":"https:\/\/old.atletikaolomouc.cz\/index.php?rest_route=\/wp\/v2\/posts\/9220"}],"collection":[{"href":"https:\/\/old.atletikaolomouc.cz\/index.php?rest_route=\/wp\/v2\/posts"}],"about":[{"href":"https:\/\/old.atletikaolomouc.cz\/index.php?rest_route=\/wp\/v2\/types\/post"}],"author":[{"embeddable":true,"href":"https:\/\/old.atletikaolomouc.cz\/index.php?rest_route=\/wp\/v2\/users\/10"}],"replies":[{"embeddable":true,"href":"https:\/\/old.atletikaolomouc.cz\/index.php?rest_route=%2Fwp%2Fv2%2Fcomments&post=9220"}],"version-history":[{"count":9,"href":"https:\/\/old.atletikaolomouc.cz\/index.php?rest_route=\/wp\/v2\/posts\/9220\/revisions"}],"predecessor-version":[{"id":9249,"href":"https:\/\/old.atletikaolomouc.cz\/index.php?rest_route=\/wp\/v2\/posts\/9220\/revisions\/9249"}],"wp:featuredmedia":[{"embeddable":true,"href":"https:\/\/old.atletikaolomouc.cz\/index.php?rest_route=\/wp\/v2\/media\/9221"}],"wp:attachment":[{"href":"https:\/\/old.atletikaolomouc.cz\/index.php?rest_route=%2Fwp%2Fv2%2Fmedia&parent=9220"}],"wp:term":[{"taxonomy":"category","embeddable":true,"href":"https:\/\/old.atletikaolomouc.cz\/index.php?rest_route=%2Fwp%2Fv2%2Fcategories&post=9220"},{"taxonomy":"post_tag","embeddable":true,"href":"https:\/\/old.atletikaolomouc.cz\/index.php?rest_route=%2Fwp%2Fv2%2Ftags&post=9220"}],"curies":[{"name":"wp","href":"https:\/\/api.w.org\/{rel}","templated":true}]}}