{"id":9280,"date":"2017-08-24T11:22:34","date_gmt":"2017-08-24T09:22:34","guid":{"rendered":"http:\/\/www.atletikaolomouc.cz\/?p=9280"},"modified":"2017-08-24T11:23:23","modified_gmt":"2017-08-24T09:23:23","slug":"seznamy-prihlasenych-v-jednotlivych-skupinach-pripravek","status":"publish","type":"post","link":"https:\/\/old.atletikaolomouc.cz\/?p=9280","title":{"rendered":"Seznamy p\u0159ihl\u00e1\u0161en\u00fdch v jednotliv\u00fdch skupin\u00e1ch p\u0159\u00edpravek"},"content":{"rendered":"<p style=\"text-align: justify;\">P\u0159es mno\u017e\u00edc\u00ed se dotazy uve\u0159ej\u0148ujeme seznamy aktu\u00e1ln\u011b p\u0159ihl\u00e1\u0161en\u00fdch do jednotliv\u00fdch skupin atletick\u00fdch p\u0159\u00edpravek.<!--more--><\/p>\n<p style=\"text-align: justify;\">Seznamy k nahl\u00e9dnut\u00ed <a href=\"http:\/\/www.atletikaolomouc.cz\/wp-content\/uploads\/2017\/08\/seznamy-web.pdf\" target=\"_blank\">zde<\/a>.\u00a0<\/p>\n<p style=\"text-align: justify;\">Jako ka\u017ed\u00fd rok prob\u00edhalo p\u0159ihl\u00e1\u0161en\u00ed prost\u0159ednictv\u00edm online registrace.<\/p>\n<p style=\"text-align: justify;\"><strong>V sou\u010dasn\u00e9 dob\u011b je ji\u017e online registrace uzav\u0159ena. V\u0161echny skupiny m\u00e1me pln\u011b obsazeny!!!<\/strong>\u00a0\u00a0<\/p>\n<p style=\"text-align: justify;\">Pokud jste p\u0159ihl\u00e1\u0161en\u00ed nestihli a do vybran\u00e9 skupiny se neve\u0161li, je mo\u017en\u00e9 se v sou\u010dasn\u00e9 dob\u011b zaregistrovat ji\u017e jen jako n\u00e1hradn\u00edci a v p\u0159\u00edpad\u011b uvoln\u011bn\u00ed m\u00edsta v n\u011bkter\u00e9 skupin\u011b V\u00e1s r\u00e1di uvid\u00edme. Kontaktujte pros\u00edm vedouc\u00edho p\u0159\u00edpravek Roberta Novotn\u00e9ho na emailu: robert.novotny27@seznam.cz<\/p>\n<p style=\"text-align: justify;\"><strong>Necho\u010fte pros\u00edm na tr\u00e9ninky, pokud jste se nep\u0159ihl\u00e1sili!<\/strong><\/p>\n<p><strong>Tr\u00e9ninky p\u0159\u00edpravek v nov\u00e9m \u0161koln\u00edm roce za\u010d\u00ednaj\u00ed dle rozpis\u016f jednotliv\u00fdch skupin od pond\u011bl\u00ed 11. 9. 2017.<\/strong><\/p>\n<p><strong>P\u0159ipom\u00edn\u00e1me, \u017ee na jeden z prvn\u00edch tr\u00e9nink\u016f je pot\u0159eba p\u0159in\u00e9st ti\u0161t\u011bnou verzi p\u0159ihl\u00e1\u0161ky spolu s potvrzen\u00edm o zdravotn\u00ed zp\u016fsobilosti od l\u00e9ka\u0159e.<\/strong>\u00a0<strong>Formul\u00e1\u0159 je ke sta\u017een\u00ed\u00a0<a href=\"http:\/\/www.atletikaolomouc.cz\/wp-content\/uploads\/2017\/08\/P%C5%99ihl%C3%A1%C5%A1ka-informace-formul%C3%A1%C5%99-zdravotn%C3%AD-zp%C5%AFsobilost-2018.pdf\" target=\"_blank\">zde.<\/a><\/strong><\/p>\n<p>D\u011bti ro\u010dn\u00edk\u016f 2006 budou od z\u00e1\u0159\u00ed tr\u00e9novat v tr\u00e9ninkov\u00e9 skupin\u011b Davida Uhl\u00ed\u0159e,\u00a0<strong>p\u0159ihl\u00e1\u0161en\u00ed prob\u011bhne na \u00favodn\u00edm tr\u00e9ninku v pond\u011bl\u00ed 4. 9. v 15:00 na atletick\u00e9m stadionu.<\/strong>\u00a0V p\u0159\u00edpad\u011b jak\u00fdchkoliv dotaz\u016f se na n\u011bj nev\u00e1hejte obr\u00e1tit;\u00a0tel: 737 572 927<br \/>email:\u00a0<a href=\"mailto:daviduhl@post.cz\">daviduhl@post.cz<\/a><\/p>\n","protected":false},"excerpt":{"rendered":"<p>P\u0159es mno\u017e\u00edc\u00ed se dotazy uve\u0159ej\u0148ujeme seznamy aktu\u00e1ln\u011b p\u0159ihl\u00e1\u0161en\u00fdch do jednotliv\u00fdch skupin atletick\u00fdch p\u0159\u00edpravek.<\/p>\n","protected":false},"author":10,"featured_media":0,"comment_status":"closed","ping_status":"closed","sticky":false,"template":"","format":"standard","meta":{"ngg_post_thumbnail":0},"categories":[5,6,25,19],"tags":[],"_links":{"self":[{"href":"https:\/\/old.atletikaolomouc.cz\/index.php?rest_route=\/wp\/v2\/posts\/9280"}],"collection":[{"href":"https:\/\/old.atletikaolomouc.cz\/index.php?rest_route=\/wp\/v2\/posts"}],"about":[{"href":"https:\/\/old.atletikaolomouc.cz\/index.php?rest_route=\/wp\/v2\/types\/post"}],"author":[{"embeddable":true,"href":"https:\/\/old.atletikaolomouc.cz\/index.php?rest_route=\/wp\/v2\/users\/10"}],"replies":[{"embeddable":true,"href":"https:\/\/old.atletikaolomouc.cz\/index.php?rest_route=%2Fwp%2Fv2%2Fcomments&post=9280"}],"version-history":[{"count":6,"href":"https:\/\/old.atletikaolomouc.cz\/index.php?rest_route=\/wp\/v2\/posts\/9280\/revisions"}],"predecessor-version":[{"id":9287,"href":"https:\/\/old.atletikaolomouc.cz\/index.php?rest_route=\/wp\/v2\/posts\/9280\/revisions\/9287"}],"wp:attachment":[{"href":"https:\/\/old.atletikaolomouc.cz\/index.php?rest_route=%2Fwp%2Fv2%2Fmedia&parent=9280"}],"wp:term":[{"taxonomy":"category","embeddable":true,"href":"https:\/\/old.atletikaolomouc.cz\/index.php?rest_route=%2Fwp%2Fv2%2Fcategories&post=9280"},{"taxonomy":"post_tag","embeddable":true,"href":"https:\/\/old.atletikaolomouc.cz\/index.php?rest_route=%2Fwp%2Fv2%2Ftags&post=9280"}],"curies":[{"name":"wp","href":"https:\/\/api.w.org\/{rel}","templated":true}]}}