{"id":9509,"date":"2017-09-25T14:32:37","date_gmt":"2017-09-25T12:32:37","guid":{"rendered":"http:\/\/www.atletikaolomouc.cz\/?p=9509"},"modified":"2017-09-25T14:32:37","modified_gmt":"2017-09-25T12:32:37","slug":"volno-28-9","status":"publish","type":"post","link":"https:\/\/old.atletikaolomouc.cz\/?p=9509","title":{"rendered":"Volno 28.9."},"content":{"rendered":"<p>P\u0159ipom\u00edn\u00e1me, \u017ee v dob\u011b st\u00e1tn\u00edch sv\u00e1tk\u016f a \u0161koln\u00edch pr\u00e1zdnin se tr\u00e9ninky atletick\u00fdch p\u0159\u00edpravek nekonaj\u00ed.<br \/>Aktu\u00e1ln\u011b se tedy ru\u0161\u00ed tr\u00e9ninky p\u0159\u00edslu\u0161n\u00fdch skupin ve \u010dtvrtek 28. 9. U\u017eijte si den volna nav\u00edc.<\/p>\n","protected":false},"excerpt":{"rendered":"<p>P\u0159ipom\u00edn\u00e1me, \u017ee v dob\u011b st\u00e1tn\u00edch sv\u00e1tk\u016f a \u0161koln\u00edch pr\u00e1zdnin se tr\u00e9ninky atletick\u00fdch p\u0159\u00edpravek nekonaj\u00ed.Aktu\u00e1ln\u011b se tedy ru\u0161\u00ed tr\u00e9ninky p\u0159\u00edslu\u0161n\u00fdch skupin ve \u010dtvrtek 28. 9. U\u017eijte si den volna nav\u00edc.<\/p>\n","protected":false},"author":10,"featured_media":0,"comment_status":"closed","ping_status":"closed","sticky":false,"template":"","format":"standard","meta":{"ngg_post_thumbnail":0},"categories":[5,6,25,19],"tags":[],"_links":{"self":[{"href":"https:\/\/old.atletikaolomouc.cz\/index.php?rest_route=\/wp\/v2\/posts\/9509"}],"collection":[{"href":"https:\/\/old.atletikaolomouc.cz\/index.php?rest_route=\/wp\/v2\/posts"}],"about":[{"href":"https:\/\/old.atletikaolomouc.cz\/index.php?rest_route=\/wp\/v2\/types\/post"}],"author":[{"embeddable":true,"href":"https:\/\/old.atletikaolomouc.cz\/index.php?rest_route=\/wp\/v2\/users\/10"}],"replies":[{"embeddable":true,"href":"https:\/\/old.atletikaolomouc.cz\/index.php?rest_route=%2Fwp%2Fv2%2Fcomments&post=9509"}],"version-history":[{"count":1,"href":"https:\/\/old.atletikaolomouc.cz\/index.php?rest_route=\/wp\/v2\/posts\/9509\/revisions"}],"predecessor-version":[{"id":9510,"href":"https:\/\/old.atletikaolomouc.cz\/index.php?rest_route=\/wp\/v2\/posts\/9509\/revisions\/9510"}],"wp:attachment":[{"href":"https:\/\/old.atletikaolomouc.cz\/index.php?rest_route=%2Fwp%2Fv2%2Fmedia&parent=9509"}],"wp:term":[{"taxonomy":"category","embeddable":true,"href":"https:\/\/old.atletikaolomouc.cz\/index.php?rest_route=%2Fwp%2Fv2%2Fcategories&post=9509"},{"taxonomy":"post_tag","embeddable":true,"href":"https:\/\/old.atletikaolomouc.cz\/index.php?rest_route=%2Fwp%2Fv2%2Ftags&post=9509"}],"curies":[{"name":"wp","href":"https:\/\/api.w.org\/{rel}","templated":true}]}}